{"id":80,"date":"2018-12-14T00:00:00","date_gmt":"2018-12-14T00:00:00","guid":{"rendered":"https:\/\/vfb1.de\/vfb\/2018\/12\/14\/vfb-stuttgart-das-lange-warten-auf-didavi\/"},"modified":"2018-12-14T00:00:00","modified_gmt":"2018-12-14T00:00:00","slug":"vfb-stuttgart-das-lange-warten-auf-didavi","status":"publish","type":"post","link":"https:\/\/vfb1.de\/vfb\/2018\/12\/14\/vfb-stuttgart-das-lange-warten-auf-didavi\/","title":{"rendered":"VfB Stuttgart: Das lange Warten auf Didavi"},"content":{"rendered":"<p>Seit Wochen stellt sich die Frage: Wann kehrt Daniel Didavi wieder auf den Platz zur\u00fcck? Zun\u00e4chst hie\u00df es, er sei auf dem Weg der Besserung und man wolle nichts riskieren. Doch seitdem vergehen Tage und Wochen, ohne dass er zum Einsatz kam. Die Ursache f\u00fcr die anhaltenden Achillessehnenprobleme, die ihn seit Ende der vergangenen Saison plagen, sind unklar.<br \/>\n<br \/>\u0084Eine Erkl\u00e4rung zu finden, was die Schmerzen verursacht, ist schwer. Anfangs hie\u00df es, es w\u00e4re eine \u00dcberlastung, eine Entz\u00fcndung. Es ist auch nichts gerissen. Wir sind davon ausgegangen, dass es schneller vorbeigeht. Jetzt k\u00e4mpfe ich schon eine gef\u00fchlte Ewigkeit damit\u0093, wird der 28-J\u00e4hrige von einer Stuttgarter Tageszeitung zitiert.<br \/>\n<br \/>Auch f\u00fcr das bevorstehende Heimspiel gegen Hertha BSC Berlin ist nicht klar, ob Didavi spieln kann. VfB-Trainer Markus Weinzierl betitelt ihn als \u0084Wackelkandidat\u0093. Da ihm sieben Spieler fehlen, w\u00e4re Didavi eine willkommene Verst\u00e4rkung. Diese scheint allerdings nach wie vor nur mit der Verabreichung von Schmerzmitteln m\u00f6glich zu sein.<br \/>\n(jd)<\/p>\n","protected":false},"excerpt":{"rendered":"<p>Seit Wochen stellt sich die Frage: Wann kehrt Daniel Didavi wieder auf den Platz zur\u00fcck? Zun\u00e4chst hie\u00df es, er sei&hellip;<\/p>\n","protected":false},"author":2,"featured_media":0,"comment_status":"open","ping_status":"open","sticky":false,"template":"","format":"standard","meta":{"footnotes":""},"categories":[],"tags":[],"class_list":["post-80","post","type-post","status-publish","format-standard","hentry"],"_links":{"self":[{"href":"https:\/\/vfb1.de\/vfb\/wp-json\/wp\/v2\/posts\/80","targetHints":{"allow":["GET"]}}],"collection":[{"href":"https:\/\/vfb1.de\/vfb\/wp-json\/wp\/v2\/posts"}],"about":[{"href":"https:\/\/vfb1.de\/vfb\/wp-json\/wp\/v2\/types\/post"}],"author":[{"embeddable":true,"href":"https:\/\/vfb1.de\/vfb\/wp-json\/wp\/v2\/users\/2"}],"replies":[{"embeddable":true,"href":"https:\/\/vfb1.de\/vfb\/wp-json\/wp\/v2\/comments?post=80"}],"version-history":[{"count":0,"href":"https:\/\/vfb1.de\/vfb\/wp-json\/wp\/v2\/posts\/80\/revisions"}],"wp:attachment":[{"href":"https:\/\/vfb1.de\/vfb\/wp-json\/wp\/v2\/media?parent=80"}],"wp:term":[{"taxonomy":"category","embeddable":true,"href":"https:\/\/vfb1.de\/vfb\/wp-json\/wp\/v2\/categories?post=80"},{"taxonomy":"post_tag","embeddable":true,"href":"https:\/\/vfb1.de\/vfb\/wp-json\/wp\/v2\/tags?post=80"}],"curies":[{"name":"wp","href":"https:\/\/api.w.org\/{rel}","templated":true}]}}