{"id":401,"date":"2019-11-07T00:00:00","date_gmt":"2019-11-07T00:00:00","guid":{"rendered":"https:\/\/vfb1.de\/vfb\/2019\/11\/07\/vfb-stuttgart-riethmueller-und-vogt-stehen-zur-wahl\/"},"modified":"2019-11-07T00:00:00","modified_gmt":"2019-11-07T00:00:00","slug":"vfb-stuttgart-riethmueller-und-vogt-stehen-zur-wahl","status":"publish","type":"post","link":"https:\/\/vfb1.de\/vfb\/2019\/11\/07\/vfb-stuttgart-riethmueller-und-vogt-stehen-zur-wahl\/","title":{"rendered":"VfB Stuttgart: Riethm\u00fcller und Vogt stehen zur Wahl"},"content":{"rendered":"<p>Der VfB Stuttgart hat die beiden Kandidaten bekannt gegeben, die in der Mitgliederversammlung am 15. Dezember zur Wahl f\u00fcr den Posten des Pr\u00e4sidenten stehen: Es sind Christian Riethm\u00fcller und Claus Vogt.<br \/>\n<br \/>Susanne Schosser und Martin Bizer sind damit aus dem Rennen. Christian Riethm\u00fcller ist 44 Jahre alt und stammt aus T\u00fcbingen. Der Buchh\u00e4ndler ist Gesch\u00e4ftsf\u00fchrer der Buchhandelskette Osiander. Er bewarb sich anonym. Bislang ist nicht bekannt, warum er sich um das Pr\u00e4sidentenamt beworben hat.<br \/>\n<br \/>Claus Vogt ist 50 Jahre alt, Gesch\u00e4ftsf\u00fchrer einer B\u00f6blinger Firma. Seine Motivation, sich f\u00fcr das Pr\u00e4sidentenamt zu bewerben, umschrieb er im Vorfeld so: \u0084Ich will versuchen, meinen Teil dazu beizutragen, dass der VfB die Menschen wieder zusammenbringt.\u0093 Er ist Teil des Mitgliederausschusses f\u00fcr Vereinsentwicklung und sieht die Kommerzialisierung des Sports kritisch. Daher rief er 2017 den FC Playfair ins Leben: einen \u0084Verein f\u00fcr Integrit\u00e4t im Profifu\u00dfball\u0093. \u0084Ich glaube, etwas mehr Fairness und Fan-Mitbestimmung kann dem Fu\u00dfball und dem VfB nur guttun\u0093, so Vogt.<br \/>\n(cm)<\/p>\n","protected":false},"excerpt":{"rendered":"<p>Der VfB Stuttgart hat die beiden Kandidaten bekannt gegeben, die in der Mitgliederversammlung am 15. Dezember zur Wahl f\u00fcr den&hellip;<\/p>\n","protected":false},"author":2,"featured_media":0,"comment_status":"open","ping_status":"open","sticky":false,"template":"","format":"standard","meta":{"footnotes":""},"categories":[],"tags":[],"class_list":["post-401","post","type-post","status-publish","format-standard","hentry"],"_links":{"self":[{"href":"https:\/\/vfb1.de\/vfb\/wp-json\/wp\/v2\/posts\/401","targetHints":{"allow":["GET"]}}],"collection":[{"href":"https:\/\/vfb1.de\/vfb\/wp-json\/wp\/v2\/posts"}],"about":[{"href":"https:\/\/vfb1.de\/vfb\/wp-json\/wp\/v2\/types\/post"}],"author":[{"embeddable":true,"href":"https:\/\/vfb1.de\/vfb\/wp-json\/wp\/v2\/users\/2"}],"replies":[{"embeddable":true,"href":"https:\/\/vfb1.de\/vfb\/wp-json\/wp\/v2\/comments?post=401"}],"version-history":[{"count":0,"href":"https:\/\/vfb1.de\/vfb\/wp-json\/wp\/v2\/posts\/401\/revisions"}],"wp:attachment":[{"href":"https:\/\/vfb1.de\/vfb\/wp-json\/wp\/v2\/media?parent=401"}],"wp:term":[{"taxonomy":"category","embeddable":true,"href":"https:\/\/vfb1.de\/vfb\/wp-json\/wp\/v2\/categories?post=401"},{"taxonomy":"post_tag","embeddable":true,"href":"https:\/\/vfb1.de\/vfb\/wp-json\/wp\/v2\/tags?post=401"}],"curies":[{"name":"wp","href":"https:\/\/api.w.org\/{rel}","templated":true}]}}