{"id":390,"date":"2019-10-28T00:00:00","date_gmt":"2019-10-28T00:00:00","guid":{"rendered":"https:\/\/vfb1.de\/vfb\/2019\/10\/28\/vfb-stuttgart-walter-hofft-auf-besserung\/"},"modified":"2019-10-28T00:00:00","modified_gmt":"2019-10-28T00:00:00","slug":"vfb-stuttgart-walter-hofft-auf-besserung","status":"publish","type":"post","link":"https:\/\/vfb1.de\/vfb\/2019\/10\/28\/vfb-stuttgart-walter-hofft-auf-besserung\/","title":{"rendered":"VfB Stuttgart: Walter hofft auf Besserung"},"content":{"rendered":"<p>Der VfB Stuttgart hat gegen den Hamburger SV eine herbe 2:6-Schlappe in der zweiten Liga einstecken m\u00fcssen. \u0084Wir haben zu viele individuelle Fehler gemacht, sind aber auch im Kollektiv nicht gut gestanden. Dadurch haben wir den Gegner eingeladen, Tore zu schie\u00dfen\u0093, lautete die Analyse von VfB-Trainer Tim Walter. \u0084Wir werden die Zeit bis zum Pokalspiel nutzen, um die Fehler zu analysieren, zu regenerieren und uns am Dienstag besser zu pr\u00e4sentieren\u0093, lie\u00df er vor der n\u00e4chsten Partie gegen den HSV im DFB-Pokal verlauten.<br \/>\n<br \/>\u0084Wir haben am Samstag eklatante Fehler gemacht. Daraus werden wir unsere Lehre ziehen. Wir wissen, was wir falsch gemacht haben, wir wissen aber auch, was wir gut gemacht haben. Der Pokal ist ein anderer Wettbewerb, der auch wichtig f\u00fcr uns ist. Wir haben die M\u00f6glichkeit, Selbstvertrauen zu gewinnen, in unserer Entwicklung weiterzukommen sowie weitere gute Spiele zu bekommen\u0093, so Walter weiter.<br \/>\n<br \/>Sollte der VfB diesmal gewinnen, k\u00f6nnte die Mannschaft wieder die Kurve in der bekommen. Folgt noch eine derart desolate Leistung, dann d\u00fcrfte der Wiederaufstieg bereits jetzt in Gefahr sein. Die Mannschaftsaufstellung d\u00fcrfte sich kaum \u00e4ndern. Daher muss sich dringend etwas an der Abstimmung und in den K\u00f6pfen \u00e4ndern.<br \/>\n(rf)<\/p>\n","protected":false},"excerpt":{"rendered":"<p>Der VfB Stuttgart hat gegen den Hamburger SV eine herbe 2:6-Schlappe in der zweiten Liga einstecken m\u00fcssen. \u0084Wir haben zu&hellip;<\/p>\n","protected":false},"author":2,"featured_media":0,"comment_status":"open","ping_status":"open","sticky":false,"template":"","format":"standard","meta":{"footnotes":""},"categories":[],"tags":[],"class_list":["post-390","post","type-post","status-publish","format-standard","hentry"],"_links":{"self":[{"href":"https:\/\/vfb1.de\/vfb\/wp-json\/wp\/v2\/posts\/390","targetHints":{"allow":["GET"]}}],"collection":[{"href":"https:\/\/vfb1.de\/vfb\/wp-json\/wp\/v2\/posts"}],"about":[{"href":"https:\/\/vfb1.de\/vfb\/wp-json\/wp\/v2\/types\/post"}],"author":[{"embeddable":true,"href":"https:\/\/vfb1.de\/vfb\/wp-json\/wp\/v2\/users\/2"}],"replies":[{"embeddable":true,"href":"https:\/\/vfb1.de\/vfb\/wp-json\/wp\/v2\/comments?post=390"}],"version-history":[{"count":0,"href":"https:\/\/vfb1.de\/vfb\/wp-json\/wp\/v2\/posts\/390\/revisions"}],"wp:attachment":[{"href":"https:\/\/vfb1.de\/vfb\/wp-json\/wp\/v2\/media?parent=390"}],"wp:term":[{"taxonomy":"category","embeddable":true,"href":"https:\/\/vfb1.de\/vfb\/wp-json\/wp\/v2\/categories?post=390"},{"taxonomy":"post_tag","embeddable":true,"href":"https:\/\/vfb1.de\/vfb\/wp-json\/wp\/v2\/tags?post=390"}],"curies":[{"name":"wp","href":"https:\/\/api.w.org\/{rel}","templated":true}]}}