{"id":389,"date":"2019-10-27T00:00:00","date_gmt":"2019-10-27T00:00:00","guid":{"rendered":"https:\/\/vfb1.de\/vfb\/2019\/10\/27\/vfb-stuttgart-buchwald-ist-raus\/"},"modified":"2019-10-27T00:00:00","modified_gmt":"2019-10-27T00:00:00","slug":"vfb-stuttgart-buchwald-ist-raus","status":"publish","type":"post","link":"https:\/\/vfb1.de\/vfb\/2019\/10\/27\/vfb-stuttgart-buchwald-ist-raus\/","title":{"rendered":"VfB Stuttgart: Buchwald ist raus"},"content":{"rendered":"<p>Der Vereinsbeirat des VfB Stuttgart hat seine Liste an Kandidaten f\u00fcr den Posten des Pr\u00e4sidenten auf vier Personen reduziert. Bis zum 7. November soll entschieden werden, welche beiden Kandidaten zur Wahl am 15. Dezember vorgeschlagen werden. Klar ist jetzt schon: Guido Buchwald ist bereits raus.<br \/>\nLaut Angaben einer Stuttgarter Tageszeitung gen\u00fcgt der Weltmeister von 1990 und Ehrenspielf\u00fchrer des VfB anscheinend nicht dem Anforderungsprofil des Vereinsbeirats. Stattdessen stehen nun Martin Bizer, Christian Riethm\u00fcller, Susanne Schosser und Claus Vogt auf der Liste.<br \/>\nBizer war zuletzt 15 Jahre als Schulleiter des Wirtemberg-Gymnasiums in Stuttgart-Untert\u00fcrkheim, ist Erster Vorsitzender des TC Korb und ehemaliger Vizepr\u00e4sident des Schw\u00e4bischen Turnerbundes. Susanne Schosser arbeitete fr\u00fcher f\u00fcr den TV-Sender RTL und ist Programmbeir\u00e4tin des Trickfilmfestes Stuttgart. Christian Riethm\u00fcller ist Gesch\u00e4ftsf\u00fchrer der T\u00fcbinger Buchhandlung Osiander und Claus Vogt ist Gesch\u00e4ftsf\u00fchrer der B\u00f6blinger Firma Intesia.<br \/>\nMatthias Klopfer, Oberb\u00fcrgermeister von Schorndorf, zog seine Kandidatur zur\u00fcck, nachdem Thomas Hitzlsperger zum Vorstandsvorsitzendenden der VfB AG bef\u00f6rdert wurde: \u0084Da wurde der neue Vorstandsvorsitzende gek\u00fcrt, bevor der Pr\u00e4sident gew\u00e4hlt ist. Aus meiner Sicht die falsche Reihenfolge\u0093, so Klopfer.<br \/>\n(cm)<\/p>\n","protected":false},"excerpt":{"rendered":"<p>Der Vereinsbeirat des VfB Stuttgart hat seine Liste an Kandidaten f\u00fcr den Posten des Pr\u00e4sidenten auf vier Personen reduziert. Bis&hellip;<\/p>\n","protected":false},"author":2,"featured_media":0,"comment_status":"open","ping_status":"open","sticky":false,"template":"","format":"standard","meta":{"footnotes":""},"categories":[],"tags":[],"class_list":["post-389","post","type-post","status-publish","format-standard","hentry"],"_links":{"self":[{"href":"https:\/\/vfb1.de\/vfb\/wp-json\/wp\/v2\/posts\/389","targetHints":{"allow":["GET"]}}],"collection":[{"href":"https:\/\/vfb1.de\/vfb\/wp-json\/wp\/v2\/posts"}],"about":[{"href":"https:\/\/vfb1.de\/vfb\/wp-json\/wp\/v2\/types\/post"}],"author":[{"embeddable":true,"href":"https:\/\/vfb1.de\/vfb\/wp-json\/wp\/v2\/users\/2"}],"replies":[{"embeddable":true,"href":"https:\/\/vfb1.de\/vfb\/wp-json\/wp\/v2\/comments?post=389"}],"version-history":[{"count":0,"href":"https:\/\/vfb1.de\/vfb\/wp-json\/wp\/v2\/posts\/389\/revisions"}],"wp:attachment":[{"href":"https:\/\/vfb1.de\/vfb\/wp-json\/wp\/v2\/media?parent=389"}],"wp:term":[{"taxonomy":"category","embeddable":true,"href":"https:\/\/vfb1.de\/vfb\/wp-json\/wp\/v2\/categories?post=389"},{"taxonomy":"post_tag","embeddable":true,"href":"https:\/\/vfb1.de\/vfb\/wp-json\/wp\/v2\/tags?post=389"}],"curies":[{"name":"wp","href":"https:\/\/api.w.org\/{rel}","templated":true}]}}