{"id":386,"date":"2019-10-25T00:00:00","date_gmt":"2019-10-25T00:00:00","guid":{"rendered":"https:\/\/vfb1.de\/vfb\/2019\/10\/25\/vfb-stuttgart-hitzlsperger-daempft-die-erwartungen\/"},"modified":"2019-10-25T00:00:00","modified_gmt":"2019-10-25T00:00:00","slug":"vfb-stuttgart-hitzlsperger-daempft-die-erwartungen","status":"publish","type":"post","link":"https:\/\/vfb1.de\/vfb\/2019\/10\/25\/vfb-stuttgart-hitzlsperger-daempft-die-erwartungen\/","title":{"rendered":"VfB Stuttgart: Hitzlsperger d\u00e4mpft die Erwartungen"},"content":{"rendered":"<p>Wenn ein Verein Deutscher Meister, Champions League- und Europa League-Teilnehmer war, sind die Erwartungen hoch. H\u00e4ufig ist die Mannschaft an eben dieser Haltung gescheitert. Thomas Hitzlsperger, der seit wenigen Wochen Vorstandsvorsitzender des Vereins ist, d\u00e4mpft diese daher gleich wieder.<br \/>\n<br \/>\u0084Die Menschen sehen das Stadion, dass es voll ist, sehen die Region, die gespickt ist mit erfolgreichen Unternehmen und sagen, das muss doch zusammenpassen, da muss doch Erfolg her. Aber die Realit\u00e4t sieht anders aus. Es gibt inzwischen viele Klubs, die mehr Geld zur Verf\u00fcgung haben und mehr Geld ausgeben k\u00f6nnen f\u00fcr ihre Kader\u0093, wird er von einem Online-Portal zitiert.<br \/>\n<br \/>Der Wiederaufstieg sei nach wie vor Minimalziel. Und das sei auch realistisch: \u0084Wir machen uns nichts vor, dass wir immer noch Spielraum haben besser zu werden. Aber wir werden jetzt nicht alles in Zweifel ziehen, weil wir zwei Spiele verloren haben gegen Gegner, gegen die wir uns mehr ausgerechnet haben. Ich betrachte das Gesamtbild und sage: Der Tabellenplatz ist gut, und ich habe immer wieder gute Ans\u00e4tze gesehen.\u0093<br \/>\n<br \/>Das Zauberwort f\u00fcr ihn ist Kontinuit\u00e4t. Die h\u00e4ufigen Wechsel in der Vergangenheit bei Trainern und Management sowie unterschiedliche Auffassungen \u00fcber den Leistungsgrad h\u00e4tten Erfolge verhindert. Das will er nun besser machen. Im Falle des Wiederaufstiegs stellt er schon jetzt klar: &quot;Nur um popul\u00e4r zu sein, werde ich nicht sagen, dass wir oben angreifen werden. Wir m\u00fcssen da zur\u00fcckhaltender sein.&quot;<br \/>\n(rf)<\/p>\n","protected":false},"excerpt":{"rendered":"<p>Wenn ein Verein Deutscher Meister, Champions League- und Europa League-Teilnehmer war, sind die Erwartungen hoch. H\u00e4ufig ist die Mannschaft an&hellip;<\/p>\n","protected":false},"author":2,"featured_media":0,"comment_status":"open","ping_status":"open","sticky":false,"template":"","format":"standard","meta":{"footnotes":""},"categories":[],"tags":[],"class_list":["post-386","post","type-post","status-publish","format-standard","hentry"],"_links":{"self":[{"href":"https:\/\/vfb1.de\/vfb\/wp-json\/wp\/v2\/posts\/386","targetHints":{"allow":["GET"]}}],"collection":[{"href":"https:\/\/vfb1.de\/vfb\/wp-json\/wp\/v2\/posts"}],"about":[{"href":"https:\/\/vfb1.de\/vfb\/wp-json\/wp\/v2\/types\/post"}],"author":[{"embeddable":true,"href":"https:\/\/vfb1.de\/vfb\/wp-json\/wp\/v2\/users\/2"}],"replies":[{"embeddable":true,"href":"https:\/\/vfb1.de\/vfb\/wp-json\/wp\/v2\/comments?post=386"}],"version-history":[{"count":0,"href":"https:\/\/vfb1.de\/vfb\/wp-json\/wp\/v2\/posts\/386\/revisions"}],"wp:attachment":[{"href":"https:\/\/vfb1.de\/vfb\/wp-json\/wp\/v2\/media?parent=386"}],"wp:term":[{"taxonomy":"category","embeddable":true,"href":"https:\/\/vfb1.de\/vfb\/wp-json\/wp\/v2\/categories?post=386"},{"taxonomy":"post_tag","embeddable":true,"href":"https:\/\/vfb1.de\/vfb\/wp-json\/wp\/v2\/tags?post=386"}],"curies":[{"name":"wp","href":"https:\/\/api.w.org\/{rel}","templated":true}]}}