{"id":3845,"date":"2024-06-21T12:25:53","date_gmt":"2024-06-21T12:25:53","guid":{"rendered":"https:\/\/vfb1.de\/vfb\/?p=3845"},"modified":"2024-06-21T12:25:54","modified_gmt":"2024-06-21T12:25:54","slug":"vfb-stuttgart-zoff-um-supercup-geht-weiter","status":"publish","type":"post","link":"https:\/\/vfb1.de\/vfb\/2024\/06\/21\/vfb-stuttgart-zoff-um-supercup-geht-weiter\/","title":{"rendered":"VfB Stuttgart: Zoff um Supercup geht weiter"},"content":{"rendered":"\n<p>Da Bayer Leverkusen das Double geschafft hat, trifft die Werkself im Supercup am 17. August auf den Vizemeister \u2013 den VfB Stuttgart. Dass dieses Spiel in Leverkusen stattfindet, stie\u00df nicht nur dem VfB-Vorstandsvorsitzen Alexander Wehrle sauer auf.<br><br>&#8222;Die Entscheidung des DFL-Pr\u00e4sidiums, den Supercup nicht in einem der modernsten Stadien Deutschlands mit dem im Vergleich doppelten Fassungsverm\u00f6gen von 60.000 Pl\u00e4tzen auszutragen und diesen Wettbewerb dadurch mehr Fu\u00dfballfans zug\u00e4nglich zu machen, ist aus unserer Sicht nicht nachvollziehbar&#8220;, kommentierte er die Vergabe des Austragungsorts. Nun boykottieren die Ultras das Spiel und verzichten auf eine Unterst\u00fctzung ihrer Mannschaft.<br><br>&#8222;Der DFL-Supercup hat aus unserer Sicht keinerlei sportlichen Reiz als Wettbewerb und dementsprechend f\u00fcr uns keine Relevanz, die ein organisiertes Auftreten rechtfertigen w\u00fcrde&#8220;, werden die Fan-Gruppierungen &#8222;Commando Cannstatt 1997&#8220;, &#8222;Schwabensturm Stuttgart 2002&#8220;, die &#8222;Schwaben Kompanie Stuttgart&#8220;, die &#8222;Crew 36 Stuttgart&#8220; und die &#8222;S\u00fcdbande Stuttgart&#8220; von einer Medienanstalt aus einer gemeinsamen Erkl\u00e4rung zitiert.<br><br>Und sie f\u00fchren noch einen weiteren Punkt an, weshalb sie dieses Spiel als \u00fcberfl\u00fcssig ansehen: Durch die Austragung am Pokal-Wochenende k\u00e4me eine &#8222;v\u00f6llig unn\u00f6tige zus\u00e4tzliche englische Woche&#8220; dazu. Wegen des Supercup-Termins bestreitet der VfB erst am 27. August ausw\u00e4rts bei Preu\u00dfen M\u00fcnster sein Erstrundenspiel im DFB-Pokal.<\/p>\n\n\n\n<p>(cm)<\/p>\n","protected":false},"excerpt":{"rendered":"<p>Da Bayer Leverkusen das Double geschafft hat, trifft die Werkself im Supercup am 17. August auf den Vizemeister \u2013 den&hellip;<\/p>\n","protected":false},"author":2,"featured_media":0,"comment_status":"open","ping_status":"open","sticky":false,"template":"","format":"standard","meta":{"footnotes":""},"categories":[1],"tags":[],"class_list":["post-3845","post","type-post","status-publish","format-standard","hentry","category-uncategorized"],"_links":{"self":[{"href":"https:\/\/vfb1.de\/vfb\/wp-json\/wp\/v2\/posts\/3845","targetHints":{"allow":["GET"]}}],"collection":[{"href":"https:\/\/vfb1.de\/vfb\/wp-json\/wp\/v2\/posts"}],"about":[{"href":"https:\/\/vfb1.de\/vfb\/wp-json\/wp\/v2\/types\/post"}],"author":[{"embeddable":true,"href":"https:\/\/vfb1.de\/vfb\/wp-json\/wp\/v2\/users\/2"}],"replies":[{"embeddable":true,"href":"https:\/\/vfb1.de\/vfb\/wp-json\/wp\/v2\/comments?post=3845"}],"version-history":[{"count":1,"href":"https:\/\/vfb1.de\/vfb\/wp-json\/wp\/v2\/posts\/3845\/revisions"}],"predecessor-version":[{"id":3846,"href":"https:\/\/vfb1.de\/vfb\/wp-json\/wp\/v2\/posts\/3845\/revisions\/3846"}],"wp:attachment":[{"href":"https:\/\/vfb1.de\/vfb\/wp-json\/wp\/v2\/media?parent=3845"}],"wp:term":[{"taxonomy":"category","embeddable":true,"href":"https:\/\/vfb1.de\/vfb\/wp-json\/wp\/v2\/categories?post=3845"},{"taxonomy":"post_tag","embeddable":true,"href":"https:\/\/vfb1.de\/vfb\/wp-json\/wp\/v2\/tags?post=3845"}],"curies":[{"name":"wp","href":"https:\/\/api.w.org\/{rel}","templated":true}]}}