{"id":3841,"date":"2024-06-19T13:03:49","date_gmt":"2024-06-19T13:03:49","guid":{"rendered":"https:\/\/vfb1.de\/vfb\/?p=3841"},"modified":"2024-06-19T13:03:50","modified_gmt":"2024-06-19T13:03:50","slug":"vfb-stuttgart-mittelstaedt-als-neues-stabilisator","status":"publish","type":"post","link":"https:\/\/vfb1.de\/vfb\/2024\/06\/19\/vfb-stuttgart-mittelstaedt-als-neues-stabilisator\/","title":{"rendered":"VfB Stuttgart: Mittelst\u00e4dt als neues Stabilisator?"},"content":{"rendered":"\n<p>Er hat sich nicht nur beim VfB Stuttgart zu einer festen Gr\u00f6\u00dfe entwickelt. Auch in der Nationalmannschaft hat er unglaublich schnell Fu\u00df gefasst und k\u00f6nnte dazu beitragen, auch deren Spiel zu stabilisieren: VfB-Linksverteidiger Maximilian Mittelst\u00e4dt gibt sich vor dem \u201eHeimspiel\u201c in der Stuttgarter MHP-Arena gegen Ungarn jedenfalls zuversichtlich.<br><br>\u201eAus diesem Stadion habe ich in dieser Saison sehr viele sch\u00f6ne Erinnerungen mitgenommen. Ich hoffe, morgen kommt eine weitere sch\u00f6ne Erinnerung hinzu Es wird ein anderes Spiel als gegen Schottland. Ungarn verteidigt kompakt und ist stark in Standards. Wir m\u00fcssen alle fokussiert und effizient sein, aufpassen und unsere Tore machen\u201c, wird er vom Verein zitiert.<br><br>Dass er sich in der Nationalelf so gut integriert hat, sieht er in einer \u00c4hnlichkeit zum VfB: \u201eIch muss stets eine gute Balance zwischen der Offensive und Defensive finden. In manchen Situationen kann ich die Position im Nationalteam \u00e4hnlich interpretieren wie beim VfB. Ich habe vor mir sehr viele Spieler mit individueller Top-Qualit\u00e4t, die immer in der Lage sind, etwas Besonderes zu kreieren. Das war in dieser Saison auch beim VfB der Fall.\u201c<br><br>Nachdem bekannt wurde, dass VfB-Kapit\u00e4n Waldemar Anton wom\u00f6glich zu einem anderen Club wechseln will, \u00e4u\u00dferte er sich optimistisch, dass die wom\u00f6glich entstehende L\u00fccke kompensiert werden kann: \u201eEs w\u00e4re nat\u00fcrlich schade, wenn wir weitere Spieler verlieren w\u00fcrden. Wir sind als Team extrem zusammengewachsen. Ich hoffe, dass viele bleiben. Wir haben es auch in der vergangenen Saison geschafft, Ausf\u00e4lle zu kompensieren. Dann m\u00fcssen wir das wieder schaffen\u201c, wird er von einem Onlinedienst zitiert.<\/p>\n\n\n\n<p>(jd)<\/p>\n","protected":false},"excerpt":{"rendered":"<p>Er hat sich nicht nur beim VfB Stuttgart zu einer festen Gr\u00f6\u00dfe entwickelt. Auch in der Nationalmannschaft hat er unglaublich&hellip;<\/p>\n","protected":false},"author":2,"featured_media":0,"comment_status":"open","ping_status":"open","sticky":false,"template":"","format":"standard","meta":{"footnotes":""},"categories":[1],"tags":[],"class_list":["post-3841","post","type-post","status-publish","format-standard","hentry","category-uncategorized"],"_links":{"self":[{"href":"https:\/\/vfb1.de\/vfb\/wp-json\/wp\/v2\/posts\/3841","targetHints":{"allow":["GET"]}}],"collection":[{"href":"https:\/\/vfb1.de\/vfb\/wp-json\/wp\/v2\/posts"}],"about":[{"href":"https:\/\/vfb1.de\/vfb\/wp-json\/wp\/v2\/types\/post"}],"author":[{"embeddable":true,"href":"https:\/\/vfb1.de\/vfb\/wp-json\/wp\/v2\/users\/2"}],"replies":[{"embeddable":true,"href":"https:\/\/vfb1.de\/vfb\/wp-json\/wp\/v2\/comments?post=3841"}],"version-history":[{"count":1,"href":"https:\/\/vfb1.de\/vfb\/wp-json\/wp\/v2\/posts\/3841\/revisions"}],"predecessor-version":[{"id":3842,"href":"https:\/\/vfb1.de\/vfb\/wp-json\/wp\/v2\/posts\/3841\/revisions\/3842"}],"wp:attachment":[{"href":"https:\/\/vfb1.de\/vfb\/wp-json\/wp\/v2\/media?parent=3841"}],"wp:term":[{"taxonomy":"category","embeddable":true,"href":"https:\/\/vfb1.de\/vfb\/wp-json\/wp\/v2\/categories?post=3841"},{"taxonomy":"post_tag","embeddable":true,"href":"https:\/\/vfb1.de\/vfb\/wp-json\/wp\/v2\/tags?post=3841"}],"curies":[{"name":"wp","href":"https:\/\/api.w.org\/{rel}","templated":true}]}}