{"id":3837,"date":"2024-06-17T15:52:42","date_gmt":"2024-06-17T15:52:42","guid":{"rendered":"https:\/\/vfb1.de\/vfb\/?p=3837"},"modified":"2024-06-17T15:52:43","modified_gmt":"2024-06-17T15:52:43","slug":"vfb-stuttgart-u19-trainer-willig-verlaengert","status":"publish","type":"post","link":"https:\/\/vfb1.de\/vfb\/2024\/06\/17\/vfb-stuttgart-u19-trainer-willig-verlaengert\/","title":{"rendered":"VfB Stuttgart: U19-Trainer Willig verl\u00e4ngert"},"content":{"rendered":"\n<p>W\u00e4hrend noch nicht klar ist, welche Spieler den VfB Stuttgart noch vor Beginn der kommenden Saison verlassen werden, ist auf Trainerebene erst einmal alles klar. Sebastian Hoene\u00df wird weiterhin die Profimannschaft trainieren und nun hat auch der U19-Trainer Nico Willig vorzeitig seinen auslaufenden Vertrag verl\u00e4ngert.<br><br>Mit ihm haben laut Meldung des Vereins auch Co-Trainer Analyse Sebastian H\u00e4gele, Torwarttrainer Markus Krauss und Athletiktrainer Philipp Lang ihre auslaufenden Vertr\u00e4ge verl\u00e4ngert. Das U19-Trainerteam, zu dem auch Co-Trainer Tobias Rathgeb geh\u00f6rt, wird in der kommenden Saison allerdings vor neue Herausforderungen gestellt.<br><br>Durch die Qualifikation des VfB Stuttgart f\u00fcr die Champions League, darf die U19 erstmals an der UEFA Youth League teilnehmen und in der U19-Liga wird es einen neuen Modus geben. &#8222;Obwohl ich schon einige Jahre U-19-Trainer bin, werden wir Neuland betreten. Die Vorfreude auf diese neuen Herausforderungen ist gro\u00df&#8220;, wird Willig dazu zitiert.<\/p>\n\n\n\n<p>(rf)<\/p>\n","protected":false},"excerpt":{"rendered":"<p>W\u00e4hrend noch nicht klar ist, welche Spieler den VfB Stuttgart noch vor Beginn der kommenden Saison verlassen werden, ist auf&hellip;<\/p>\n","protected":false},"author":2,"featured_media":0,"comment_status":"open","ping_status":"open","sticky":false,"template":"","format":"standard","meta":{"footnotes":""},"categories":[1],"tags":[],"class_list":["post-3837","post","type-post","status-publish","format-standard","hentry","category-uncategorized"],"_links":{"self":[{"href":"https:\/\/vfb1.de\/vfb\/wp-json\/wp\/v2\/posts\/3837","targetHints":{"allow":["GET"]}}],"collection":[{"href":"https:\/\/vfb1.de\/vfb\/wp-json\/wp\/v2\/posts"}],"about":[{"href":"https:\/\/vfb1.de\/vfb\/wp-json\/wp\/v2\/types\/post"}],"author":[{"embeddable":true,"href":"https:\/\/vfb1.de\/vfb\/wp-json\/wp\/v2\/users\/2"}],"replies":[{"embeddable":true,"href":"https:\/\/vfb1.de\/vfb\/wp-json\/wp\/v2\/comments?post=3837"}],"version-history":[{"count":1,"href":"https:\/\/vfb1.de\/vfb\/wp-json\/wp\/v2\/posts\/3837\/revisions"}],"predecessor-version":[{"id":3838,"href":"https:\/\/vfb1.de\/vfb\/wp-json\/wp\/v2\/posts\/3837\/revisions\/3838"}],"wp:attachment":[{"href":"https:\/\/vfb1.de\/vfb\/wp-json\/wp\/v2\/media?parent=3837"}],"wp:term":[{"taxonomy":"category","embeddable":true,"href":"https:\/\/vfb1.de\/vfb\/wp-json\/wp\/v2\/categories?post=3837"},{"taxonomy":"post_tag","embeddable":true,"href":"https:\/\/vfb1.de\/vfb\/wp-json\/wp\/v2\/tags?post=3837"}],"curies":[{"name":"wp","href":"https:\/\/api.w.org\/{rel}","templated":true}]}}