{"id":377,"date":"2019-10-16T00:00:00","date_gmt":"2019-10-16T00:00:00","guid":{"rendered":"https:\/\/vfb1.de\/vfb\/2019\/10\/16\/vfb-stuttgart-karazor-macht-sich-nicht-mehr-so-viel-druck\/"},"modified":"2019-10-16T00:00:00","modified_gmt":"2019-10-16T00:00:00","slug":"vfb-stuttgart-karazor-macht-sich-nicht-mehr-so-viel-druck","status":"publish","type":"post","link":"https:\/\/vfb1.de\/vfb\/2019\/10\/16\/vfb-stuttgart-karazor-macht-sich-nicht-mehr-so-viel-druck\/","title":{"rendered":"VfB Stuttgart: Karazor macht sich nicht mehr so viel Druck"},"content":{"rendered":"<p>23 Jahre jung ist Atakan Karazor und so langsam gew\u00f6hnt er sich daran, dass beim VfB Stuttgart alles etwas gr\u00f6\u00dfer ist. In der kommenden Zweitligapertie des VfB trifft er auf seinen ehemaligen Club Holstein Kiel, was f\u00fcr ihn entsprechend hohen Stellenwert hat: \u0084Ich hatte zwei gute Jahre in Kiel, habe viele, gute Freunde gefunden. Ich freue mich sehr auf das Spiel.\u0093<br \/>\n<br \/>Achtmal kam Karazor bislang in der zweiten Liga f\u00fcr den VfB zum Einsatz. Dazu noch einmal im DFB-Pokal. Nach dem Heimsieg gegen Hannover 96 habe er positive R\u00fcckmeldungen zu seiner Leistung erhalten, was ihm in der Entwicklung geholfen hat: \u0084Danach ging es etwas auf und ab f\u00fcr mich. Vielleicht habe ich mir selbst etwas zu viel Druck gemacht. Ich bin noch in einem Lernprozess.\u0093<br \/>\n<br \/>Unterst\u00fctzung und Rat holt er sich dabei von \u00e4lteren Spielerkollegen: &quot;Nach dem zweiten Spieltag habe ich zu Mario Gomez gesagt: \u0082Ich brauche Hilfe. Ich mache mir teilweise zu sehr einen Kopf\u0091&quot;, verriet er gegen\u00fcber einer deutschen Tageszeitung. Gomez versicherte ihm: &quot;Du geh\u00f6rst hier her. Wir haben alle gesehen, was du drauf hast.&quot;<br \/>\n<br \/>\u0084Egal ob es Mario, Holger oder Gonzo ist, sie k\u00f6nnen einem wertvollen Tipps geben und weiterhelfen\u0093, so der Mittelfeldspieler weiter.<br \/>\n(jd)<\/p>\n","protected":false},"excerpt":{"rendered":"<p>23 Jahre jung ist Atakan Karazor und so langsam gew\u00f6hnt er sich daran, dass beim VfB Stuttgart alles etwas gr\u00f6\u00dfer&hellip;<\/p>\n","protected":false},"author":2,"featured_media":0,"comment_status":"open","ping_status":"open","sticky":false,"template":"","format":"standard","meta":{"footnotes":""},"categories":[],"tags":[],"class_list":["post-377","post","type-post","status-publish","format-standard","hentry"],"_links":{"self":[{"href":"https:\/\/vfb1.de\/vfb\/wp-json\/wp\/v2\/posts\/377","targetHints":{"allow":["GET"]}}],"collection":[{"href":"https:\/\/vfb1.de\/vfb\/wp-json\/wp\/v2\/posts"}],"about":[{"href":"https:\/\/vfb1.de\/vfb\/wp-json\/wp\/v2\/types\/post"}],"author":[{"embeddable":true,"href":"https:\/\/vfb1.de\/vfb\/wp-json\/wp\/v2\/users\/2"}],"replies":[{"embeddable":true,"href":"https:\/\/vfb1.de\/vfb\/wp-json\/wp\/v2\/comments?post=377"}],"version-history":[{"count":0,"href":"https:\/\/vfb1.de\/vfb\/wp-json\/wp\/v2\/posts\/377\/revisions"}],"wp:attachment":[{"href":"https:\/\/vfb1.de\/vfb\/wp-json\/wp\/v2\/media?parent=377"}],"wp:term":[{"taxonomy":"category","embeddable":true,"href":"https:\/\/vfb1.de\/vfb\/wp-json\/wp\/v2\/categories?post=377"},{"taxonomy":"post_tag","embeddable":true,"href":"https:\/\/vfb1.de\/vfb\/wp-json\/wp\/v2\/tags?post=377"}],"curies":[{"name":"wp","href":"https:\/\/api.w.org\/{rel}","templated":true}]}}