{"id":376,"date":"2019-10-15T00:00:00","date_gmt":"2019-10-15T00:00:00","guid":{"rendered":"https:\/\/vfb1.de\/vfb\/2019\/10\/15\/vfb-stuttgart-nimmt-lernzentrum-wieder-auf\/"},"modified":"2019-10-15T00:00:00","modified_gmt":"2019-10-15T00:00:00","slug":"vfb-stuttgart-nimmt-lernzentrum-wieder-auf","status":"publish","type":"post","link":"https:\/\/vfb1.de\/vfb\/2019\/10\/15\/vfb-stuttgart-nimmt-lernzentrum-wieder-auf\/","title":{"rendered":"VfB Stuttgart nimmt Lernzentrum wieder auf"},"content":{"rendered":"<p>Sport hat schon per se eine integrative Funktion. Dass Fu\u00dfball auch weit mehr sein kann, als einfach nur gegen den Ball zu treten, das soll ein bundesweites Projekt vermitteln, dem sich der VfB Stuttgart 2015 angeschlossen hatte und das er nach einer Neustrukturierung nun wieder aufnimmt.<br \/>\n<br \/>An rund 20 Standorten im Bundesgebiet wurden Lernzentren eingerichtet, in denen soziale und demokratische Kernkompetenzen vermittelt werden sollen. Gewaltpr\u00e4vention, Inklusion, Integration und Fair Play werden Jugendlichen beim VfB Stuttgart k\u00fcnftig wieder verst\u00e4rkt vermittelt, berichtet eine Stuttgarter Tageszeitung.<br \/>\n<br \/>Sozialp\u00e4dagogen des VfB-Fanprojekts f\u00fchren eint\u00e4gige Workshops und Aktionen zu verschiedenen Themen durch. Gef\u00f6rdert wird das Lernzentrum durch die Stiftung der Deutschen Fu\u00dfball Liga (DFL). Zielgruppe sind fu\u00dfballbegeisterte Jugendliche und junge Erwachsene aus Einrichtungen der Sozial- und Jugendarbeit und aus Vereinen.<br \/>\n(rf)<\/p>\n","protected":false},"excerpt":{"rendered":"<p>Sport hat schon per se eine integrative Funktion. Dass Fu\u00dfball auch weit mehr sein kann, als einfach nur gegen den&hellip;<\/p>\n","protected":false},"author":2,"featured_media":0,"comment_status":"open","ping_status":"open","sticky":false,"template":"","format":"standard","meta":{"footnotes":""},"categories":[],"tags":[],"class_list":["post-376","post","type-post","status-publish","format-standard","hentry"],"_links":{"self":[{"href":"https:\/\/vfb1.de\/vfb\/wp-json\/wp\/v2\/posts\/376","targetHints":{"allow":["GET"]}}],"collection":[{"href":"https:\/\/vfb1.de\/vfb\/wp-json\/wp\/v2\/posts"}],"about":[{"href":"https:\/\/vfb1.de\/vfb\/wp-json\/wp\/v2\/types\/post"}],"author":[{"embeddable":true,"href":"https:\/\/vfb1.de\/vfb\/wp-json\/wp\/v2\/users\/2"}],"replies":[{"embeddable":true,"href":"https:\/\/vfb1.de\/vfb\/wp-json\/wp\/v2\/comments?post=376"}],"version-history":[{"count":0,"href":"https:\/\/vfb1.de\/vfb\/wp-json\/wp\/v2\/posts\/376\/revisions"}],"wp:attachment":[{"href":"https:\/\/vfb1.de\/vfb\/wp-json\/wp\/v2\/media?parent=376"}],"wp:term":[{"taxonomy":"category","embeddable":true,"href":"https:\/\/vfb1.de\/vfb\/wp-json\/wp\/v2\/categories?post=376"},{"taxonomy":"post_tag","embeddable":true,"href":"https:\/\/vfb1.de\/vfb\/wp-json\/wp\/v2\/tags?post=376"}],"curies":[{"name":"wp","href":"https:\/\/api.w.org\/{rel}","templated":true}]}}