{"id":374,"date":"2019-10-13T00:00:00","date_gmt":"2019-10-13T00:00:00","guid":{"rendered":"https:\/\/vfb1.de\/vfb\/2019\/10\/13\/vfb-stuttgart-badstuber-teilt-aus\/"},"modified":"2019-10-13T00:00:00","modified_gmt":"2019-10-13T00:00:00","slug":"vfb-stuttgart-badstuber-teilt-aus","status":"publish","type":"post","link":"https:\/\/vfb1.de\/vfb\/2019\/10\/13\/vfb-stuttgart-badstuber-teilt-aus\/","title":{"rendered":"VfB Stuttgart: Badstuber teilt aus"},"content":{"rendered":"<p>Hinterher l\u00e4stert es sich immer besser. Und so nutzt VfB-Innenverteidiger Holger Badstuber die L\u00e4nderspielpause, um per Podcast mit Ex-Trainer Markus Weinzierl abzurechnen.<br \/>\n<br \/>Es geht dabei um das erste Halbjahr 2017, als er von Bayern M\u00fcnchen an Schalke 04 ausgeliehen wurde und dort nicht fest verpflichtet wurde. Badstuber erhoffte sich nach vielen Verletzungen einen Neuanfang und wurde entt\u00e4uscht. Obwohl er zw\u00f6lf Spiele bestritt, sa\u00df er unter dem damaligen Trainer Markus Weinzierl auf der Ersatzbank.<br \/>\n<br \/>Nach dem Wechsel zum VfB Stuttgart kam es zu einem erneuten Aufeinandertreffen mit Weinzierl. Dessen Verpflichtung als Trainer bezeichnete Badstuber als &quot;v\u00f6llig unverst\u00e4ndlich. Als Weinzierl kam, habe ich zu Mario Gomez gesagt: &#8218;Das wird eine z\u00e4he Saison.&#8217;\u0093 Und so kam es. Der VfB stieg letztlich ab.<br \/>\n(rf)<\/p>\n","protected":false},"excerpt":{"rendered":"<p>Hinterher l\u00e4stert es sich immer besser. Und so nutzt VfB-Innenverteidiger Holger Badstuber die L\u00e4nderspielpause, um per Podcast mit Ex-Trainer Markus&hellip;<\/p>\n","protected":false},"author":2,"featured_media":0,"comment_status":"open","ping_status":"open","sticky":false,"template":"","format":"standard","meta":{"footnotes":""},"categories":[],"tags":[],"class_list":["post-374","post","type-post","status-publish","format-standard","hentry"],"_links":{"self":[{"href":"https:\/\/vfb1.de\/vfb\/wp-json\/wp\/v2\/posts\/374","targetHints":{"allow":["GET"]}}],"collection":[{"href":"https:\/\/vfb1.de\/vfb\/wp-json\/wp\/v2\/posts"}],"about":[{"href":"https:\/\/vfb1.de\/vfb\/wp-json\/wp\/v2\/types\/post"}],"author":[{"embeddable":true,"href":"https:\/\/vfb1.de\/vfb\/wp-json\/wp\/v2\/users\/2"}],"replies":[{"embeddable":true,"href":"https:\/\/vfb1.de\/vfb\/wp-json\/wp\/v2\/comments?post=374"}],"version-history":[{"count":0,"href":"https:\/\/vfb1.de\/vfb\/wp-json\/wp\/v2\/posts\/374\/revisions"}],"wp:attachment":[{"href":"https:\/\/vfb1.de\/vfb\/wp-json\/wp\/v2\/media?parent=374"}],"wp:term":[{"taxonomy":"category","embeddable":true,"href":"https:\/\/vfb1.de\/vfb\/wp-json\/wp\/v2\/categories?post=374"},{"taxonomy":"post_tag","embeddable":true,"href":"https:\/\/vfb1.de\/vfb\/wp-json\/wp\/v2\/tags?post=374"}],"curies":[{"name":"wp","href":"https:\/\/api.w.org\/{rel}","templated":true}]}}