{"id":372,"date":"2019-10-11T00:00:00","date_gmt":"2019-10-11T00:00:00","guid":{"rendered":"https:\/\/vfb1.de\/vfb\/2019\/10\/11\/vfb-stuttgart-buchwald-sieht-seine-chance\/"},"modified":"2019-10-11T00:00:00","modified_gmt":"2019-10-11T00:00:00","slug":"vfb-stuttgart-buchwald-sieht-seine-chance","status":"publish","type":"post","link":"https:\/\/vfb1.de\/vfb\/2019\/10\/11\/vfb-stuttgart-buchwald-sieht-seine-chance\/","title":{"rendered":"VfB Stuttgart: Buchwald sieht seine Chance"},"content":{"rendered":"<p>Nach dem Aufstieg von Thomas Hitzlsperger zum Vorstandsvorsitzenden wird \u00fcber die Personalien in dessen Umfeld spekuliert. Guido Buchwald sieht seine Chancen auf den Posten des Pr\u00e4sidenten jedenfalls gewahrt.<br \/>\n<br \/>\u0084Es hat sich in der sportlichen Kompetenz auf F\u00fchrungsebene ja auch nichts ver\u00e4ndert. Wichtig ist, dass man den sportlichen Bereich weiter st\u00e4rkt. Aber ich m\u00f6chte mich auch nicht nur auf meinen fu\u00dfballerischen Sachverstand reduzieren lassen. Ich habe auch Erfahrung und Kompetenz als Unternehmer\u0093, \u00e4u\u00dferte sich der 58-J\u00e4hrige gegen\u00fcber einer deutschen Tageszeitung.<br \/>\n<br \/>Ex-Pr\u00e4sident Wolfgang Dietrich bef\u00fcrwortet indes die Bef\u00f6rderung Hitzlspergers: \u0084Mit Blick auf diese neue Zielsetzung und in Anbetracht aller Personen und Namen, die genannt wurden beziehungsweise die sich f\u00fcr diese Position ins Gespr\u00e4ch gebracht haben, ist Thomas Hitzlsperger die absolut beste L\u00f6sung. Dass ich viel von ihm halte und ihn in meiner Zeit als Pr\u00e4sident gef\u00f6rdert habe, ist ja hinreichend bekannt.\u0093<br \/>\n(jd)<\/p>\n","protected":false},"excerpt":{"rendered":"<p>Nach dem Aufstieg von Thomas Hitzlsperger zum Vorstandsvorsitzenden wird \u00fcber die Personalien in dessen Umfeld spekuliert. Guido Buchwald sieht seine&hellip;<\/p>\n","protected":false},"author":2,"featured_media":0,"comment_status":"open","ping_status":"open","sticky":false,"template":"","format":"standard","meta":{"footnotes":""},"categories":[],"tags":[],"class_list":["post-372","post","type-post","status-publish","format-standard","hentry"],"_links":{"self":[{"href":"https:\/\/vfb1.de\/vfb\/wp-json\/wp\/v2\/posts\/372","targetHints":{"allow":["GET"]}}],"collection":[{"href":"https:\/\/vfb1.de\/vfb\/wp-json\/wp\/v2\/posts"}],"about":[{"href":"https:\/\/vfb1.de\/vfb\/wp-json\/wp\/v2\/types\/post"}],"author":[{"embeddable":true,"href":"https:\/\/vfb1.de\/vfb\/wp-json\/wp\/v2\/users\/2"}],"replies":[{"embeddable":true,"href":"https:\/\/vfb1.de\/vfb\/wp-json\/wp\/v2\/comments?post=372"}],"version-history":[{"count":0,"href":"https:\/\/vfb1.de\/vfb\/wp-json\/wp\/v2\/posts\/372\/revisions"}],"wp:attachment":[{"href":"https:\/\/vfb1.de\/vfb\/wp-json\/wp\/v2\/media?parent=372"}],"wp:term":[{"taxonomy":"category","embeddable":true,"href":"https:\/\/vfb1.de\/vfb\/wp-json\/wp\/v2\/categories?post=372"},{"taxonomy":"post_tag","embeddable":true,"href":"https:\/\/vfb1.de\/vfb\/wp-json\/wp\/v2\/tags?post=372"}],"curies":[{"name":"wp","href":"https:\/\/api.w.org\/{rel}","templated":true}]}}