{"id":370,"date":"2019-10-09T00:00:00","date_gmt":"2019-10-09T00:00:00","guid":{"rendered":"https:\/\/vfb1.de\/vfb\/2019\/10\/09\/vfb-stuttgart-hitzlsperger-steigt-auf\/"},"modified":"2019-10-09T00:00:00","modified_gmt":"2019-10-09T00:00:00","slug":"vfb-stuttgart-hitzlsperger-steigt-auf","status":"publish","type":"post","link":"https:\/\/vfb1.de\/vfb\/2019\/10\/09\/vfb-stuttgart-hitzlsperger-steigt-auf\/","title":{"rendered":"VfB Stuttgart: Hitzlsperger steigt auf"},"content":{"rendered":"<p>Der VfB Stuttgart hat best\u00e4tigt: Thomas Hitzlsperger tritt ab dem 15. Oktober 2019 seinen neuen Posten als Vorstandsvorsitzender an. Der 37-J\u00e4hrige ist zuk\u00fcnftig f\u00fcr die Ressorts Sport, Unternehmensstrategie und Kommunikation verantwortlich.<br \/>\n<br \/>\u0084Ihn zeichnen seine hohe Sportkompetenz, Entscheidungsst\u00e4rke, sein klares Bekenntnis zum VfB und zu unserem Weg der \u0082Jungen Wilden\u0091, seine hohe Glaubw\u00fcrdigkeit und eine moderne Auffassung von Leadership und Unternehmenskultur aus\u0093, umrei\u00dft der Vorsitzende des Aufsichtsrates Dr. Bernd Gaiser die Gr\u00fcnde f\u00fcr diese Entscheidung.<br \/>\n<br \/>Der Vorstandsvorsitzende ist gefunden. Ein neuer Pr\u00e4sident wird noch gesucht. Und so verh\u00e4lt es sich auch bei einem zweiten Gro\u00dfinvestor, der eigentlich noch diesen Sommer h\u00e4tte pr\u00e4sentiert werden sollen. Das verz\u00f6gert sich nun deutlich: \u0084Meine Prognose geht schon etwas \u00fcber den Jahreswechsel hinaus\u0093, so Gaiser.<br \/>\n<br \/>Daimler hatte sich 2017 nach der Ausgliederung der Profifu\u00dfball-Abteilung bereits f\u00fcr einen Betrag von 41,5 Millionen Euro 11,75 Prozent der Anteile gesichert. Gesucht wird nun ein Investor, der dem VfB international den Weg ebnen kann: \u0084Dort haben wir bei der Sponsoren-Akquise noch Luft nach oben\u0093, meinte der ehemalige Pr\u00e4sident Wolfgang Dietrich im Fr\u00fchjahr.<br \/>\n(cm)<\/p>\n","protected":false},"excerpt":{"rendered":"<p>Der VfB Stuttgart hat best\u00e4tigt: Thomas Hitzlsperger tritt ab dem 15. Oktober 2019 seinen neuen Posten als Vorstandsvorsitzender an. Der&hellip;<\/p>\n","protected":false},"author":2,"featured_media":0,"comment_status":"open","ping_status":"open","sticky":false,"template":"","format":"standard","meta":{"footnotes":""},"categories":[],"tags":[],"class_list":["post-370","post","type-post","status-publish","format-standard","hentry"],"_links":{"self":[{"href":"https:\/\/vfb1.de\/vfb\/wp-json\/wp\/v2\/posts\/370","targetHints":{"allow":["GET"]}}],"collection":[{"href":"https:\/\/vfb1.de\/vfb\/wp-json\/wp\/v2\/posts"}],"about":[{"href":"https:\/\/vfb1.de\/vfb\/wp-json\/wp\/v2\/types\/post"}],"author":[{"embeddable":true,"href":"https:\/\/vfb1.de\/vfb\/wp-json\/wp\/v2\/users\/2"}],"replies":[{"embeddable":true,"href":"https:\/\/vfb1.de\/vfb\/wp-json\/wp\/v2\/comments?post=370"}],"version-history":[{"count":0,"href":"https:\/\/vfb1.de\/vfb\/wp-json\/wp\/v2\/posts\/370\/revisions"}],"wp:attachment":[{"href":"https:\/\/vfb1.de\/vfb\/wp-json\/wp\/v2\/media?parent=370"}],"wp:term":[{"taxonomy":"category","embeddable":true,"href":"https:\/\/vfb1.de\/vfb\/wp-json\/wp\/v2\/categories?post=370"},{"taxonomy":"post_tag","embeddable":true,"href":"https:\/\/vfb1.de\/vfb\/wp-json\/wp\/v2\/tags?post=370"}],"curies":[{"name":"wp","href":"https:\/\/api.w.org\/{rel}","templated":true}]}}