{"id":369,"date":"2019-10-08T00:00:00","date_gmt":"2019-10-08T00:00:00","guid":{"rendered":"https:\/\/vfb1.de\/vfb\/2019\/10\/08\/vfb-stuttgart-hitzlsperger-angeblich-neuer-vorstandsvorsitzender\/"},"modified":"2019-10-08T00:00:00","modified_gmt":"2019-10-08T00:00:00","slug":"vfb-stuttgart-hitzlsperger-angeblich-neuer-vorstandsvorsitzender","status":"publish","type":"post","link":"https:\/\/vfb1.de\/vfb\/2019\/10\/08\/vfb-stuttgart-hitzlsperger-angeblich-neuer-vorstandsvorsitzender\/","title":{"rendered":"VfB Stuttgart: Hitzlsperger angeblich neuer Vorstandsvorsitzender"},"content":{"rendered":"<p>Medienberichten zufolge soll Thomas Hitzlsperger Vorstandsvorsitzender des VfB Stuttgart werden. Der Verein hat dies bislang noch nicht best\u00e4tigt. Unklar sei demnach auch, ob er weiterhin Sportvorstand bleibt oder den Posten abgibt. Als Nachfolger wird bereits Sportdirektor Sven Mislintat gehandelt.<br \/>\n<br \/>Der 37-J\u00e4hrige soll nach Angaben einer deutschen Tageszeitung bef\u00f6rdert werden und die Verantwortung f\u00fcr die ausgegliederte Profiabteilung \u00fcbernehmen. Damit h\u00e4tte sich Hitzlsperger gegen externe Kandidaten wie den ehemaligen Vorstandschef des FC Basel Bernhard Heusler durchgesetzt. &nbsp;<br \/>\n<br \/>Hitzlsperger genie\u00dft Respekt und Anerkennung von Funktion\u00e4rs- wie Fanseite. Guido Buchwald, der f\u00fcr den Posten des Vereinspr\u00e4sidenten kandidieren m\u00f6chte, begr\u00fc\u00dft den m\u00f6glichen Schritt: &quot;Der Thomas ist einer, der unheimlich viel Erfahrung hat, er wei\u00df in dem Sport unheimlich viel, kennt sich aus.&quot;<br \/>\n(jd)<\/p>\n","protected":false},"excerpt":{"rendered":"<p>Medienberichten zufolge soll Thomas Hitzlsperger Vorstandsvorsitzender des VfB Stuttgart werden. Der Verein hat dies bislang noch nicht best\u00e4tigt. Unklar sei&hellip;<\/p>\n","protected":false},"author":2,"featured_media":0,"comment_status":"open","ping_status":"open","sticky":false,"template":"","format":"standard","meta":{"footnotes":""},"categories":[],"tags":[],"class_list":["post-369","post","type-post","status-publish","format-standard","hentry"],"_links":{"self":[{"href":"https:\/\/vfb1.de\/vfb\/wp-json\/wp\/v2\/posts\/369","targetHints":{"allow":["GET"]}}],"collection":[{"href":"https:\/\/vfb1.de\/vfb\/wp-json\/wp\/v2\/posts"}],"about":[{"href":"https:\/\/vfb1.de\/vfb\/wp-json\/wp\/v2\/types\/post"}],"author":[{"embeddable":true,"href":"https:\/\/vfb1.de\/vfb\/wp-json\/wp\/v2\/users\/2"}],"replies":[{"embeddable":true,"href":"https:\/\/vfb1.de\/vfb\/wp-json\/wp\/v2\/comments?post=369"}],"version-history":[{"count":0,"href":"https:\/\/vfb1.de\/vfb\/wp-json\/wp\/v2\/posts\/369\/revisions"}],"wp:attachment":[{"href":"https:\/\/vfb1.de\/vfb\/wp-json\/wp\/v2\/media?parent=369"}],"wp:term":[{"taxonomy":"category","embeddable":true,"href":"https:\/\/vfb1.de\/vfb\/wp-json\/wp\/v2\/categories?post=369"},{"taxonomy":"post_tag","embeddable":true,"href":"https:\/\/vfb1.de\/vfb\/wp-json\/wp\/v2\/tags?post=369"}],"curies":[{"name":"wp","href":"https:\/\/api.w.org\/{rel}","templated":true}]}}