{"id":368,"date":"2019-10-07T00:00:00","date_gmt":"2019-10-07T00:00:00","guid":{"rendered":"https:\/\/vfb1.de\/vfb\/2019\/10\/07\/vfb-stuttgart-walter-beklagt-%c2%84krieg%c2%93-auf-dem-fussballplatz\/"},"modified":"2019-10-07T00:00:00","modified_gmt":"2019-10-07T00:00:00","slug":"vfb-stuttgart-walter-beklagt-%c2%84krieg%c2%93-auf-dem-fussballplatz","status":"publish","type":"post","link":"https:\/\/vfb1.de\/vfb\/2019\/10\/07\/vfb-stuttgart-walter-beklagt-%c2%84krieg%c2%93-auf-dem-fussballplatz\/","title":{"rendered":"VfB Stuttgart: Walter beklagt \u0084Krieg\u0093 auf dem Fu\u00dfballplatz"},"content":{"rendered":"<p>Der VfB Stuttgart hat gegen den Tabellenletzten SV Wehen Wiesbaden die erste Saisoniederlage hinnehmen m\u00fcssen. Zu allem \u00dcbel fallen auch noch Daniel Didavi und Borna Sosa mehrere Wochen aus. Didavi erlitt einen Muskelb\u00fcndelriss und Borna Sosa eine Gehirnersch\u00fctterung nach einem Zweikampf. Sosa war zun\u00e4chst bewusstlos. Das veranlasste VfB-Trainer Tim Walter zu harscher Kritik.<br \/>\n<br \/>&quot;Es ist anscheinend ein probates Mittel, auf fu\u00dfballerische Klasse \u00fcberhart zu reagieren. Es geht immer noch um einen Sport, es ist kein Krieg. Dieses Einsteigen hat mit K\u00f6rpereinsatz nichts mehr zu tun&quot;, wird Walter von einer deutschen Tageszeitung zitiert.<br \/>\n<br \/>Ob sich der VfB dadurch aus der Ruhe bringen l\u00e4sst, wird sich zeigen. Die L\u00e4nderspielpause kommt da vielleicht gerade zur richtigen Zeit. Die von Walter h\u00e4ufig angemahnte Konsequenz im Abschluss fehlt jedenfalls noch immer. Eine Quote von 80% Ballbesitz n\u00fctzt letztlich nichts, wenn die Spieler nicht wissen, was sie mit dem Ball anfangen sollen. &quot;Grunds\u00e4tzlich ist der Mannschaft nicht die Mentalit\u00e4t abzusprechen&quot;, mein VfB-Sportdirektor Sven Mislintat. Das sollte sie bald wieder unter Beweis stellen.<br \/>\n(rf)<\/p>\n","protected":false},"excerpt":{"rendered":"<p>Der VfB Stuttgart hat gegen den Tabellenletzten SV Wehen Wiesbaden die erste Saisoniederlage hinnehmen m\u00fcssen. Zu allem \u00dcbel fallen auch&hellip;<\/p>\n","protected":false},"author":2,"featured_media":0,"comment_status":"open","ping_status":"open","sticky":false,"template":"","format":"standard","meta":{"footnotes":""},"categories":[],"tags":[],"class_list":["post-368","post","type-post","status-publish","format-standard","hentry"],"_links":{"self":[{"href":"https:\/\/vfb1.de\/vfb\/wp-json\/wp\/v2\/posts\/368","targetHints":{"allow":["GET"]}}],"collection":[{"href":"https:\/\/vfb1.de\/vfb\/wp-json\/wp\/v2\/posts"}],"about":[{"href":"https:\/\/vfb1.de\/vfb\/wp-json\/wp\/v2\/types\/post"}],"author":[{"embeddable":true,"href":"https:\/\/vfb1.de\/vfb\/wp-json\/wp\/v2\/users\/2"}],"replies":[{"embeddable":true,"href":"https:\/\/vfb1.de\/vfb\/wp-json\/wp\/v2\/comments?post=368"}],"version-history":[{"count":0,"href":"https:\/\/vfb1.de\/vfb\/wp-json\/wp\/v2\/posts\/368\/revisions"}],"wp:attachment":[{"href":"https:\/\/vfb1.de\/vfb\/wp-json\/wp\/v2\/media?parent=368"}],"wp:term":[{"taxonomy":"category","embeddable":true,"href":"https:\/\/vfb1.de\/vfb\/wp-json\/wp\/v2\/categories?post=368"},{"taxonomy":"post_tag","embeddable":true,"href":"https:\/\/vfb1.de\/vfb\/wp-json\/wp\/v2\/tags?post=368"}],"curies":[{"name":"wp","href":"https:\/\/api.w.org\/{rel}","templated":true}]}}