{"id":367,"date":"2019-10-06T00:00:00","date_gmt":"2019-10-06T00:00:00","guid":{"rendered":"https:\/\/vfb1.de\/vfb\/2019\/10\/06\/vfb-stuttgart-sosa-erleidet-gehirnerschuetterung\/"},"modified":"2019-10-06T00:00:00","modified_gmt":"2019-10-06T00:00:00","slug":"vfb-stuttgart-sosa-erleidet-gehirnerschuetterung","status":"publish","type":"post","link":"https:\/\/vfb1.de\/vfb\/2019\/10\/06\/vfb-stuttgart-sosa-erleidet-gehirnerschuetterung\/","title":{"rendered":"VfB Stuttgart: Sosa erleidet Gehirnersch\u00fctterung"},"content":{"rendered":"<p>Von Katerstimmung keine Spur. Nach der ersten Niederlage der Saison gegen den Tabellenletzten Wiesbaden und der verlorenen Tabellenf\u00fchrung absolvierten die Spieler des VfB Stuttgart eine Regenerationseinheit im Kraftraum. VfB-Sportdirektor Sven Mislintat und Trainer Tim Walter reden die&nbsp; 1:2-Heimpleite derweil sch\u00f6n.<br \/>\n<br \/>\u0084Wir d\u00fcrfen es nicht wegen der Anfangsphase schlechter bewerten, als es war. Die Reaktion, die wir auf unsere Anfangsphase gezeigt haben, war top\u0093, urteilte Mislintat. Und Walter schien ebenfalls zufrieden: \u0084Wir waren am Anfang nicht pr\u00e4sent. Dann haben wir aber den Schalter umgelegt, eine Reaktion gezeigt und Torchancen herausgespielt. Es geht nur ums Verwerten der Chancen, das ist der einzige Punkt. Ansonsten war die Art und Weise gut.\u0093<br \/>\n<br \/>Trotz 80% Ballbesitz, zehn Gro\u00dfchancen und \u00dcberzahlspiel kassierte der VfB seine erste Niederlage. Walter sieht dennoch optimistisch in die Zukunft: \u0084Dass wir so viele so gute Torchancen hatten, ist ein Indiz daf\u00fcr, dass sehr vieles richtiggemacht haben. Daher sehe ich uns gewappnet f\u00fcr die n\u00e4chsten Aufgaben.\u0093<br \/>\n<br \/>Die n\u00e4chste Partie am 20. Oktober gegen Walters ehemaligen Arbeitgeber Holstein Kiel wird der VfB aber voraussichtlich ohne Borna Sosa bestreiten m\u00fcssen. Wie der Verein mitteilt, hat er bei einem Zweikampf mit Paterson Chato eine Gehirnersch\u00fctterung erlitten. F\u00fcr Daniel Didavi ist m\u00f6glicherweise gar die Hinrunde beendet. Nach seinem Muskelb\u00fcndelriss in der Wade f\u00e4llt er sechs bis acht Wochen aus und soll nicht vorzeitig wieder eingesetzt werden.<br \/>\n(cm)<\/p>\n","protected":false},"excerpt":{"rendered":"<p>Von Katerstimmung keine Spur. Nach der ersten Niederlage der Saison gegen den Tabellenletzten Wiesbaden und der verlorenen Tabellenf\u00fchrung absolvierten die&hellip;<\/p>\n","protected":false},"author":2,"featured_media":0,"comment_status":"open","ping_status":"open","sticky":false,"template":"","format":"standard","meta":{"footnotes":""},"categories":[],"tags":[],"class_list":["post-367","post","type-post","status-publish","format-standard","hentry"],"_links":{"self":[{"href":"https:\/\/vfb1.de\/vfb\/wp-json\/wp\/v2\/posts\/367","targetHints":{"allow":["GET"]}}],"collection":[{"href":"https:\/\/vfb1.de\/vfb\/wp-json\/wp\/v2\/posts"}],"about":[{"href":"https:\/\/vfb1.de\/vfb\/wp-json\/wp\/v2\/types\/post"}],"author":[{"embeddable":true,"href":"https:\/\/vfb1.de\/vfb\/wp-json\/wp\/v2\/users\/2"}],"replies":[{"embeddable":true,"href":"https:\/\/vfb1.de\/vfb\/wp-json\/wp\/v2\/comments?post=367"}],"version-history":[{"count":0,"href":"https:\/\/vfb1.de\/vfb\/wp-json\/wp\/v2\/posts\/367\/revisions"}],"wp:attachment":[{"href":"https:\/\/vfb1.de\/vfb\/wp-json\/wp\/v2\/media?parent=367"}],"wp:term":[{"taxonomy":"category","embeddable":true,"href":"https:\/\/vfb1.de\/vfb\/wp-json\/wp\/v2\/categories?post=367"},{"taxonomy":"post_tag","embeddable":true,"href":"https:\/\/vfb1.de\/vfb\/wp-json\/wp\/v2\/tags?post=367"}],"curies":[{"name":"wp","href":"https:\/\/api.w.org\/{rel}","templated":true}]}}