{"id":366,"date":"2019-10-05T00:00:00","date_gmt":"2019-10-05T00:00:00","guid":{"rendered":"https:\/\/vfb1.de\/vfb\/2019\/10\/05\/vfb-stuttgart-verschlafen-und-harmlos\/"},"modified":"2019-10-05T00:00:00","modified_gmt":"2019-10-05T00:00:00","slug":"vfb-stuttgart-verschlafen-und-harmlos","status":"publish","type":"post","link":"https:\/\/vfb1.de\/vfb\/2019\/10\/05\/vfb-stuttgart-verschlafen-und-harmlos\/","title":{"rendered":"VfB Stuttgart: Verschlafen und harmlos"},"content":{"rendered":"<p>Ausgerechnet gegen den Tabellenletzten ist die Serie des VfB Stuttgart gerissen. Zu harmlos trat der VfB in der heimischen Mercedes-Benz Arena auf uns best\u00e4tigte wieder einmal, was jahrelang zu beobachten ist: Wenn&#8217;s gut l\u00e4uft, lehnen sich die Spieler zur\u00fcck und schalten mindestens einen Gang zur\u00fcck.<br \/>\n<br \/>\u0084Wir h\u00e4tten wohl noch viel l\u00e4nger weiterspielen k\u00f6nnen, aber kein zweites Tor mehr erzielt. Es gibt so Tage, an denen triffst du einfach das Tor nicht&quot;, lautete das ern\u00fcchternde Fazit von VfB-Trainer Tim Walter nach dem 1:2 gegen Wiesbaden.<br \/>\n<br \/>Pech kam in der zweiten H\u00e4lfte dazu, als der VfB gleich mehrfach am Pfosten scheiterte. VfB-Kapit\u00e4n Marc Oliver Kempf l\u00e4sst dies nicht als Ausrede gelten: &quot;Aber wir m\u00fcssen uns auch an der eigenen Nase fassen. In der ersten H\u00e4lfte war das Abwehrverhalten teils fahrig. Und vorne machen wir aus den Chancen zu wenig Tore, weil wir entweder einen Tick zu ungenau sind oder noch eine Idee haben, die der andere nicht mittr\u00e4gt.&quot;<br \/>\n<br \/>Doppeltes Pech ereilte den VfB, da sich schon in der neunten Minute Daniel Didavi verletzte. \u0084Er hat sehr wahrscheinlich einen Muskelfaserriss, hoffentlich nicht mehr\u0093, vermutete Walter direkt nach dem Spiel. VfB-Sportdirektor Sven Mislintat rechnet dagegen mit einer l\u00e4ngeren Ausfallzeit, da aufgrund der vielen Verletzungen Didavis kein verfr\u00fchter Einsatz riskiert werden soll.<br \/>\n(jd)<\/p>\n","protected":false},"excerpt":{"rendered":"<p>Ausgerechnet gegen den Tabellenletzten ist die Serie des VfB Stuttgart gerissen. Zu harmlos trat der VfB in der heimischen Mercedes-Benz&hellip;<\/p>\n","protected":false},"author":2,"featured_media":0,"comment_status":"open","ping_status":"open","sticky":false,"template":"","format":"standard","meta":{"footnotes":""},"categories":[],"tags":[],"class_list":["post-366","post","type-post","status-publish","format-standard","hentry"],"_links":{"self":[{"href":"https:\/\/vfb1.de\/vfb\/wp-json\/wp\/v2\/posts\/366","targetHints":{"allow":["GET"]}}],"collection":[{"href":"https:\/\/vfb1.de\/vfb\/wp-json\/wp\/v2\/posts"}],"about":[{"href":"https:\/\/vfb1.de\/vfb\/wp-json\/wp\/v2\/types\/post"}],"author":[{"embeddable":true,"href":"https:\/\/vfb1.de\/vfb\/wp-json\/wp\/v2\/users\/2"}],"replies":[{"embeddable":true,"href":"https:\/\/vfb1.de\/vfb\/wp-json\/wp\/v2\/comments?post=366"}],"version-history":[{"count":0,"href":"https:\/\/vfb1.de\/vfb\/wp-json\/wp\/v2\/posts\/366\/revisions"}],"wp:attachment":[{"href":"https:\/\/vfb1.de\/vfb\/wp-json\/wp\/v2\/media?parent=366"}],"wp:term":[{"taxonomy":"category","embeddable":true,"href":"https:\/\/vfb1.de\/vfb\/wp-json\/wp\/v2\/categories?post=366"},{"taxonomy":"post_tag","embeddable":true,"href":"https:\/\/vfb1.de\/vfb\/wp-json\/wp\/v2\/tags?post=366"}],"curies":[{"name":"wp","href":"https:\/\/api.w.org\/{rel}","templated":true}]}}