{"id":361,"date":"2019-09-30T00:00:00","date_gmt":"2019-09-30T00:00:00","guid":{"rendered":"https:\/\/vfb1.de\/vfb\/2019\/09\/30\/vfb-stuttgart-walter-muntert-ascacibar-auf\/"},"modified":"2019-09-30T00:00:00","modified_gmt":"2019-09-30T00:00:00","slug":"vfb-stuttgart-walter-muntert-ascacibar-auf","status":"publish","type":"post","link":"https:\/\/vfb1.de\/vfb\/2019\/09\/30\/vfb-stuttgart-walter-muntert-ascacibar-auf\/","title":{"rendered":"VfB Stuttgart: Walter muntert Ascacibar auf"},"content":{"rendered":"<p>Der Streit ist beigelegt. Santiago Ascacibar kam gegen Arminia Bielefeld wieder zum Einsatz, nachdem er zuvor aus disziplinarischen Gr\u00fcnden individuell trainieren musste, vier Spiele nicht zum Einsatz kam und auch mit einer Geldstrafe belegt wurde.<br \/>\n<br \/>\u0084Ich bin sehr froh, dass ich jetzt wieder bei der Mannschaft bin und auch gleich wieder gespielt habe. Der Streit ist beigelegt. Ich konzentriere mich auf meine Arbeit\u0093, wird der Argentinier von einer Stuttgarter Tageszeitung zitiert.<br \/>\n<br \/>Der 22-J\u00e4hrige war zufrieden mit seiner Leistung: \u0084Ich habe versucht, sehr kontrolliert zu spielen und mich auch im Spiel nach vorne einzubringen.\u0093 Nach Philipp F\u00f6rster brachte er die gr\u00f6\u00dfte Laufleistung aller VfB-Spieler. VfB-Trainer Tim Walter muntert ihn daher auch auf: \u0084Er ist ein sehr aufbrausender Junge, aber ein super Junge, charakterlich top. Manchmal gehen halt die G\u00e4ule mit ihm durch. Aber ich wei\u00df genau, was ich an ihm habe, und sch\u00e4tze das auch sehr.\u0093<br \/>\n<br \/>Gleichzeitig gibt er ihm eine eindeutige Botschaft mit auf den Weg: \u0084Santi ist von seinem Potenzial ein Spieler, der immer spielen kann. Aber ich habe noch andere. Wenn er dann mal nicht zum Einsatz kommt, hei\u00dft das nicht, er ist au\u00dfen vor. Das muss er einfach lernen.\u0093<br \/>\n(cm)<\/p>\n","protected":false},"excerpt":{"rendered":"<p>Der Streit ist beigelegt. Santiago Ascacibar kam gegen Arminia Bielefeld wieder zum Einsatz, nachdem er zuvor aus disziplinarischen Gr\u00fcnden individuell&hellip;<\/p>\n","protected":false},"author":2,"featured_media":0,"comment_status":"open","ping_status":"open","sticky":false,"template":"","format":"standard","meta":{"footnotes":""},"categories":[],"tags":[],"class_list":["post-361","post","type-post","status-publish","format-standard","hentry"],"_links":{"self":[{"href":"https:\/\/vfb1.de\/vfb\/wp-json\/wp\/v2\/posts\/361","targetHints":{"allow":["GET"]}}],"collection":[{"href":"https:\/\/vfb1.de\/vfb\/wp-json\/wp\/v2\/posts"}],"about":[{"href":"https:\/\/vfb1.de\/vfb\/wp-json\/wp\/v2\/types\/post"}],"author":[{"embeddable":true,"href":"https:\/\/vfb1.de\/vfb\/wp-json\/wp\/v2\/users\/2"}],"replies":[{"embeddable":true,"href":"https:\/\/vfb1.de\/vfb\/wp-json\/wp\/v2\/comments?post=361"}],"version-history":[{"count":0,"href":"https:\/\/vfb1.de\/vfb\/wp-json\/wp\/v2\/posts\/361\/revisions"}],"wp:attachment":[{"href":"https:\/\/vfb1.de\/vfb\/wp-json\/wp\/v2\/media?parent=361"}],"wp:term":[{"taxonomy":"category","embeddable":true,"href":"https:\/\/vfb1.de\/vfb\/wp-json\/wp\/v2\/categories?post=361"},{"taxonomy":"post_tag","embeddable":true,"href":"https:\/\/vfb1.de\/vfb\/wp-json\/wp\/v2\/tags?post=361"}],"curies":[{"name":"wp","href":"https:\/\/api.w.org\/{rel}","templated":true}]}}