{"id":358,"date":"2019-09-27T00:00:00","date_gmt":"2019-09-27T00:00:00","guid":{"rendered":"https:\/\/vfb1.de\/vfb\/2019\/09\/27\/vfb-stuttgart-didavi-aergert-sich\/"},"modified":"2019-09-27T00:00:00","modified_gmt":"2019-09-27T00:00:00","slug":"vfb-stuttgart-didavi-aergert-sich","status":"publish","type":"post","link":"https:\/\/vfb1.de\/vfb\/2019\/09\/27\/vfb-stuttgart-didavi-aergert-sich\/","title":{"rendered":"VfB Stuttgart: Didavi \u00e4rgert sich"},"content":{"rendered":"<p>Der VfB Stuttgart ist in der laufenden Zweitligasaison ungeschlagen. Doch einige Spiele waren knapp und h\u00e4tten auch verloren gehen k\u00f6nnen. Der VfB nutzt seine Chancen bislang selten konsequent aus und das stinkt auch VfB-Profil Daniel Didavi.<br \/>\n<br \/>\u0084Mich \u00e4rgert, dass wir als Mannschaft manchmal wie ein gutes Pferd nur so hoch springen, wie wir m\u00fcssen. Wir gehen h\u00e4ufig in F\u00fchrung, legen aber nicht nach und wiegen uns in falscher Sicherheit. Wir drehen dann erst wieder auf, wenn wir den Ausgleich kassieren oder pl\u00f6tzlich merken, dass es noch einmal ganz eng wird\u0093, \u00e4u\u00dferte er sich gegen\u00fcber einer Stuttgarter Tageszeitung.<br \/>\n<br \/>Mit sich selbst ist er ebenfalls nicht rundum zufrieden, wenngleich wesentlich optimistischer als in der vergangenen Saison: \u0084Im Vergleich zur Vorsaison kann ich 90 Minuten durchspielen. Das war vorher nicht der Fall, weil ich lange eine Verletzung mitgeschleppt habe. Nun komme ich wieder in meinen Rhythmus. Mit meinen bisherigen Leistungen bin ich jedoch noch nicht ganz zufrieden, weil gelegentlich die Pr\u00e4zision in den letzten Aktionen fehlt.<br \/>\n<br \/>Didavis Vertrag beim VfB l\u00e4uft noch bis zum Jahr 2021. Die Zeit danach ist f\u00fcr ihn noch v\u00f6llig offen: \u0084Ich kann mir vorstellen, meine Profikarriere beim VfB zu beenden. Ich kenne das Gesch\u00e4ft allerdings sehr genau: Alles kann sich schnell \u00e4ndern und h\u00e4ngt davon ab, wie gut ich spiele. Vielleicht ist es in eineinhalb Jahren ja so, dass der VfB gar nicht mit mir weitermachen will. Einen Wechsel innerhalb von Deutschland strebe ich eher nicht mehr an. Ein Engagement im Ausland k\u00f6nnte mich eventuell noch reizen.\u0093<br \/>\n(cm)<\/p>\n","protected":false},"excerpt":{"rendered":"<p>Der VfB Stuttgart ist in der laufenden Zweitligasaison ungeschlagen. Doch einige Spiele waren knapp und h\u00e4tten auch verloren gehen k\u00f6nnen.&hellip;<\/p>\n","protected":false},"author":2,"featured_media":0,"comment_status":"open","ping_status":"open","sticky":false,"template":"","format":"standard","meta":{"footnotes":""},"categories":[],"tags":[],"class_list":["post-358","post","type-post","status-publish","format-standard","hentry"],"_links":{"self":[{"href":"https:\/\/vfb1.de\/vfb\/wp-json\/wp\/v2\/posts\/358","targetHints":{"allow":["GET"]}}],"collection":[{"href":"https:\/\/vfb1.de\/vfb\/wp-json\/wp\/v2\/posts"}],"about":[{"href":"https:\/\/vfb1.de\/vfb\/wp-json\/wp\/v2\/types\/post"}],"author":[{"embeddable":true,"href":"https:\/\/vfb1.de\/vfb\/wp-json\/wp\/v2\/users\/2"}],"replies":[{"embeddable":true,"href":"https:\/\/vfb1.de\/vfb\/wp-json\/wp\/v2\/comments?post=358"}],"version-history":[{"count":0,"href":"https:\/\/vfb1.de\/vfb\/wp-json\/wp\/v2\/posts\/358\/revisions"}],"wp:attachment":[{"href":"https:\/\/vfb1.de\/vfb\/wp-json\/wp\/v2\/media?parent=358"}],"wp:term":[{"taxonomy":"category","embeddable":true,"href":"https:\/\/vfb1.de\/vfb\/wp-json\/wp\/v2\/categories?post=358"},{"taxonomy":"post_tag","embeddable":true,"href":"https:\/\/vfb1.de\/vfb\/wp-json\/wp\/v2\/tags?post=358"}],"curies":[{"name":"wp","href":"https:\/\/api.w.org\/{rel}","templated":true}]}}