{"id":354,"date":"2019-09-22T00:00:00","date_gmt":"2019-09-22T00:00:00","guid":{"rendered":"https:\/\/vfb1.de\/vfb\/2019\/09\/22\/vfb-stuttgart-und-die-alte-ueberheblichkeit\/"},"modified":"2019-09-22T00:00:00","modified_gmt":"2019-09-22T00:00:00","slug":"vfb-stuttgart-und-die-alte-ueberheblichkeit","status":"publish","type":"post","link":"https:\/\/vfb1.de\/vfb\/2019\/09\/22\/vfb-stuttgart-und-die-alte-ueberheblichkeit\/","title":{"rendered":"VfB Stuttgart und die alte \u00dcberheblichkeit"},"content":{"rendered":"<p>Der VfB Stuttgart hat zwar mit 2:0 gegen Greuther F\u00fcrth gewonnen und bleibt damit weiterhin ungeschlagen in der laufenden Zweitligasaison. Doch der Erfolg kam mehr durch Gl\u00fcck als durch K\u00f6nnen zustande. In der Bundesliga w\u00e4ren die Nachl\u00e4ssigkeiten h\u00e4rter bestraft worden. Doch die G\u00e4ste aus F\u00fcrth hatten ihrerseits mit einem Latten- und zwei Pfostensch\u00fcssen Pech beim Abschluss.<br \/>\n<br \/>Nach der fr\u00fchen F\u00fchrung in der zweiten Spielminute zeigt sich die alte Nachl\u00e4ssigkeit, die den VfB h\u00e4ufig um entscheidende Punkt gebracht hat. VfB-Trainer Tim Walter war daher auch nicht vollends zufrieden mit dem Spiel seiner Mannschaft: \u0084Wir sind sehr gut ins Spiel gekommen und haben direkt ein Tor erzielt. Danach haben wir gedacht, dass es von alleine geht. Wir haben weniger Arbeit gegen den Ball verrichtet, sind weniger mit Ball gelaufen.\u0093<br \/>\n<br \/>Auch Torsch\u00fctze Philipp F\u00f6rster konstatierte, dass die Mannschaft nach dem fr\u00fchen Treffer nachlie\u00df und daher die Kontrolle \u00fcber das Spiel abgab. Ob die Spieler daraus endlich Konsequenzen ziehen, bleibt abzuwarten. Pascal Stenzel meinte jedenfalls: \u0084Am Ende sind die drei Punkte wichtig, trotzdem m\u00fcssen wir dar\u00fcber reden, was wir besser machen m\u00fcssen.\u0093<br \/>\n(jd)<\/p>\n","protected":false},"excerpt":{"rendered":"<p>Der VfB Stuttgart hat zwar mit 2:0 gegen Greuther F\u00fcrth gewonnen und bleibt damit weiterhin ungeschlagen in der laufenden Zweitligasaison.&hellip;<\/p>\n","protected":false},"author":2,"featured_media":0,"comment_status":"open","ping_status":"open","sticky":false,"template":"","format":"standard","meta":{"footnotes":""},"categories":[],"tags":[],"class_list":["post-354","post","type-post","status-publish","format-standard","hentry"],"_links":{"self":[{"href":"https:\/\/vfb1.de\/vfb\/wp-json\/wp\/v2\/posts\/354","targetHints":{"allow":["GET"]}}],"collection":[{"href":"https:\/\/vfb1.de\/vfb\/wp-json\/wp\/v2\/posts"}],"about":[{"href":"https:\/\/vfb1.de\/vfb\/wp-json\/wp\/v2\/types\/post"}],"author":[{"embeddable":true,"href":"https:\/\/vfb1.de\/vfb\/wp-json\/wp\/v2\/users\/2"}],"replies":[{"embeddable":true,"href":"https:\/\/vfb1.de\/vfb\/wp-json\/wp\/v2\/comments?post=354"}],"version-history":[{"count":0,"href":"https:\/\/vfb1.de\/vfb\/wp-json\/wp\/v2\/posts\/354\/revisions"}],"wp:attachment":[{"href":"https:\/\/vfb1.de\/vfb\/wp-json\/wp\/v2\/media?parent=354"}],"wp:term":[{"taxonomy":"category","embeddable":true,"href":"https:\/\/vfb1.de\/vfb\/wp-json\/wp\/v2\/categories?post=354"},{"taxonomy":"post_tag","embeddable":true,"href":"https:\/\/vfb1.de\/vfb\/wp-json\/wp\/v2\/tags?post=354"}],"curies":[{"name":"wp","href":"https:\/\/api.w.org\/{rel}","templated":true}]}}