{"id":352,"date":"2019-09-20T00:00:00","date_gmt":"2019-09-20T00:00:00","guid":{"rendered":"https:\/\/vfb1.de\/vfb\/2019\/09\/20\/vfb-stuttgart-zwischen-anspannung-und-entspannung\/"},"modified":"2019-09-20T00:00:00","modified_gmt":"2019-09-20T00:00:00","slug":"vfb-stuttgart-zwischen-anspannung-und-entspannung","status":"publish","type":"post","link":"https:\/\/vfb1.de\/vfb\/2019\/09\/20\/vfb-stuttgart-zwischen-anspannung-und-entspannung\/","title":{"rendered":"VfB Stuttgart: Zwischen Anspannung und Entspannung"},"content":{"rendered":"<p>Der Druck, der auf dem neuen VfB-Trainer Tim Walter lastete, war hoch zu Beginn der Zweitligasaison. Nach dem entt\u00e4uschenden Abstieg ist das Ziel nat\u00fcrlich der direkte Wiederaufstieg. Und davon h\u00e4ngt viel von einem guten Start in die Saison ab, den der VfB zu oft schon vergeigt hat. Nicht so in dieser Saison, was auch bei Walter mittlerweile Auswirkungen hat.<br \/>\n<br \/>&quot;Vielleicht bin ich entspannter&quot;, r\u00e4umt er gegen\u00fcber einem Online-Portal ein. Statt harsch zu antworten, stellt er sich jetzt gelassener den Journalistenfragen. &quot;Wir sind auf einem guten Weg&quot;, \u00e4u\u00dferte er sich vor dem Heimspiel gegen Greuther F\u00fcrth. Nach sieben Pflichtspielen ohne Niederlage befindet sich der VfB Stuttgart an der Tabellenspitze und will zu Hause weiterhin eine wei\u00dfe Weste tragen.<br \/>\n<br \/>Daher sieht er die aktuelle Situation auch nur als Momentaufnahme an. \u0084Das, was am Ende unterm Strich steht, das ist f\u00fcr uns wichtig. Aber da werden wir auch da stehen&quot;, ist er zuversichtlich und will daher ein gewisses Ma\u00df an Anspannung nicht verlieren.<br \/>\n(rf)<\/p>\n","protected":false},"excerpt":{"rendered":"<p>Der Druck, der auf dem neuen VfB-Trainer Tim Walter lastete, war hoch zu Beginn der Zweitligasaison. Nach dem entt\u00e4uschenden Abstieg&hellip;<\/p>\n","protected":false},"author":2,"featured_media":0,"comment_status":"open","ping_status":"open","sticky":false,"template":"","format":"standard","meta":{"footnotes":""},"categories":[],"tags":[],"class_list":["post-352","post","type-post","status-publish","format-standard","hentry"],"_links":{"self":[{"href":"https:\/\/vfb1.de\/vfb\/wp-json\/wp\/v2\/posts\/352","targetHints":{"allow":["GET"]}}],"collection":[{"href":"https:\/\/vfb1.de\/vfb\/wp-json\/wp\/v2\/posts"}],"about":[{"href":"https:\/\/vfb1.de\/vfb\/wp-json\/wp\/v2\/types\/post"}],"author":[{"embeddable":true,"href":"https:\/\/vfb1.de\/vfb\/wp-json\/wp\/v2\/users\/2"}],"replies":[{"embeddable":true,"href":"https:\/\/vfb1.de\/vfb\/wp-json\/wp\/v2\/comments?post=352"}],"version-history":[{"count":0,"href":"https:\/\/vfb1.de\/vfb\/wp-json\/wp\/v2\/posts\/352\/revisions"}],"wp:attachment":[{"href":"https:\/\/vfb1.de\/vfb\/wp-json\/wp\/v2\/media?parent=352"}],"wp:term":[{"taxonomy":"category","embeddable":true,"href":"https:\/\/vfb1.de\/vfb\/wp-json\/wp\/v2\/categories?post=352"},{"taxonomy":"post_tag","embeddable":true,"href":"https:\/\/vfb1.de\/vfb\/wp-json\/wp\/v2\/tags?post=352"}],"curies":[{"name":"wp","href":"https:\/\/api.w.org\/{rel}","templated":true}]}}