{"id":350,"date":"2019-09-19T00:00:00","date_gmt":"2019-09-19T00:00:00","guid":{"rendered":"https:\/\/vfb1.de\/vfb\/2019\/09\/19\/vfb-stuttgart-badstubers-wiederauferstehung\/"},"modified":"2019-09-19T00:00:00","modified_gmt":"2019-09-19T00:00:00","slug":"vfb-stuttgart-badstubers-wiederauferstehung","status":"publish","type":"post","link":"https:\/\/vfb1.de\/vfb\/2019\/09\/19\/vfb-stuttgart-badstubers-wiederauferstehung\/","title":{"rendered":"VfB Stuttgart: Badstubers Wiederauferstehung"},"content":{"rendered":"<p>Er war schon abgeschrieben und \u00f6ffentlich wurde mehrmals \u00fcber einen Wechsel spekuliert \u0096 doch der 30-j\u00e4hrige Holger Badstuber blieb beim VfB Stuttgart, biss sich durch und war beim 3:2-Erfolg des VfB gegen Regensburg einer der besten Spieler auf dem Platz.<br \/>\n<br \/>Mehr als zehn Kilometer legte er in dem Ligaspiel zur\u00fcck, gewann zwei von drei seiner Zweik\u00e4mpfe und hatte eine Passquote von knapp 88 Prozent. Er selbst schaut weniger auf Zahlen als auf sich selbst: \u0084Ich bewerte meine Leistung nie \u00f6ffentlich. Ich kann mich gut einsch\u00e4tzen und wei\u00df, dass ich fit bin&quot;, wird er von einem TV-Sender zitiert.<br \/>\n<br \/>Badstubers Wiederauferstehung ist auch einer Reihe von Ungl\u00fccken zu verdanken. Zuerst verletzte sich Marcin Kaminski schwer. Statt Badstuber r\u00fcckte aber zun\u00e4chst der 21-j\u00e4hrige Neuzugang Maxime Awoudja nach. Dann fiel jedoch auch dieser nach einer Gelb-Roten Karte aus. Badstuber bekam seine Chance und nutzte sie.<br \/>\n<br \/>Totgesagte leben eben l\u00e4nger. Er war nicht nur in der Defensive stark, sondern erzielte gleich auch noch ein Tor. Gegen Neuzugang Nathaniel Phillips konnte er sich durchsetzen und scheint nun neben Kapit\u00e4n Marc Oliver Kempf gesetzt zu sein.<br \/>\n<br \/>Badstuber kann als Routinier auch eine wichtige F\u00fchrungsrolle einnehmen und h\u00e4lt nicht mit seiner Meinung hinter dem Berg. Er kritisiert auch nach Erfolgen offensichtliche Schwachstellen: &quot;Wenn ich mal explosiv bin, lautstark: Ich meine es nie negativ. Ich will uns besser machen. Damit wir Situationen vermeiden, in denen wir uns selber weh tun. Ich wei\u00df auch, ich bin immer etwas behaftet von der Kritik. Aber ich sehe halt Dinge, die falsch laufen.&quot;<br \/>\n(cm)<\/p>\n","protected":false},"excerpt":{"rendered":"<p>Er war schon abgeschrieben und \u00f6ffentlich wurde mehrmals \u00fcber einen Wechsel spekuliert \u0096 doch der 30-j\u00e4hrige Holger Badstuber blieb beim&hellip;<\/p>\n","protected":false},"author":2,"featured_media":0,"comment_status":"open","ping_status":"open","sticky":false,"template":"","format":"standard","meta":{"footnotes":""},"categories":[],"tags":[],"class_list":["post-350","post","type-post","status-publish","format-standard","hentry"],"_links":{"self":[{"href":"https:\/\/vfb1.de\/vfb\/wp-json\/wp\/v2\/posts\/350","targetHints":{"allow":["GET"]}}],"collection":[{"href":"https:\/\/vfb1.de\/vfb\/wp-json\/wp\/v2\/posts"}],"about":[{"href":"https:\/\/vfb1.de\/vfb\/wp-json\/wp\/v2\/types\/post"}],"author":[{"embeddable":true,"href":"https:\/\/vfb1.de\/vfb\/wp-json\/wp\/v2\/users\/2"}],"replies":[{"embeddable":true,"href":"https:\/\/vfb1.de\/vfb\/wp-json\/wp\/v2\/comments?post=350"}],"version-history":[{"count":0,"href":"https:\/\/vfb1.de\/vfb\/wp-json\/wp\/v2\/posts\/350\/revisions"}],"wp:attachment":[{"href":"https:\/\/vfb1.de\/vfb\/wp-json\/wp\/v2\/media?parent=350"}],"wp:term":[{"taxonomy":"category","embeddable":true,"href":"https:\/\/vfb1.de\/vfb\/wp-json\/wp\/v2\/categories?post=350"},{"taxonomy":"post_tag","embeddable":true,"href":"https:\/\/vfb1.de\/vfb\/wp-json\/wp\/v2\/tags?post=350"}],"curies":[{"name":"wp","href":"https:\/\/api.w.org\/{rel}","templated":true}]}}