{"id":349,"date":"2019-09-18T00:00:00","date_gmt":"2019-09-18T00:00:00","guid":{"rendered":"https:\/\/vfb1.de\/vfb\/2019\/09\/18\/vfb-stuttgart-zehn-gueltige-bewerbungen-fuer-praesidentenamt\/"},"modified":"2019-09-18T00:00:00","modified_gmt":"2019-09-18T00:00:00","slug":"vfb-stuttgart-zehn-gueltige-bewerbungen-fuer-praesidentenamt","status":"publish","type":"post","link":"https:\/\/vfb1.de\/vfb\/2019\/09\/18\/vfb-stuttgart-zehn-gueltige-bewerbungen-fuer-praesidentenamt\/","title":{"rendered":"VfB Stuttgart: Zehn g\u00fcltige Bewerbungen f\u00fcr Pr\u00e4sidentenamt"},"content":{"rendered":"<p>Der VfB Stuttgart gab bekannt, dass nach Ablauf der Bewerbungsfrist zwar zw\u00f6lf Bewerbungen f\u00fcr den Posten des Pr\u00e4sidenten eingegangen sind. Davon seien allerdings zwei formal nicht vollst\u00e4ndig gewesen seien, wonach nun demnach zehn g\u00fcltige Bewerbungen vorliegen. Namen wurden wegen der Pers\u00f6nlichkeitsrechte der Bewerber nicht genannt.<br \/>\n<br \/>Dies erscheint etwas seltsam, da sich die Kandidaten schlie\u00dflich f\u00fcr ein Amt beworben haben, das im Blickpunkt der \u00d6ffentlichkeit steht. Ungeachtet dessen werden die zehn Bewerbungen jetzt inhaltlich gepr\u00fcft, pers\u00f6nliche Gespr\u00e4che gef\u00fchrt und satzungsgem\u00e4\u00df zwei Bewerber ausgesucht, die am 15. Dezember auf der au\u00dferordentlichen Mitgliederversammlung zur Wahl vorgeschlagen werden. Der Vereinsbeirat kann bis dahin auch einen eigenen Bewerber aufstellen.<br \/>\n<br \/>Die Mannschaft des VfB Stuttgart bereitet sich indes auf das n\u00e4chste Heimspiel gegen Greuther F\u00fcrth vor. VfB-Trainer Tim Walter l\u00e4sst \u00dcberzahlspiel auf verengtem Raum \u00fcben. Nicht mit dabei waren der am Montag aufgrund eines Kn\u00f6chelbruchs operierte Luca Mack und Santiago Ascacibar, der aus disziplinarischen Gr\u00fcnden f\u00fcr den Rest der Woche noch individuell trainieren muss.<br \/>\n(rf)<\/p>\n","protected":false},"excerpt":{"rendered":"<p>Der VfB Stuttgart gab bekannt, dass nach Ablauf der Bewerbungsfrist zwar zw\u00f6lf Bewerbungen f\u00fcr den Posten des Pr\u00e4sidenten eingegangen sind.&hellip;<\/p>\n","protected":false},"author":2,"featured_media":0,"comment_status":"open","ping_status":"open","sticky":false,"template":"","format":"standard","meta":{"footnotes":""},"categories":[],"tags":[],"class_list":["post-349","post","type-post","status-publish","format-standard","hentry"],"_links":{"self":[{"href":"https:\/\/vfb1.de\/vfb\/wp-json\/wp\/v2\/posts\/349","targetHints":{"allow":["GET"]}}],"collection":[{"href":"https:\/\/vfb1.de\/vfb\/wp-json\/wp\/v2\/posts"}],"about":[{"href":"https:\/\/vfb1.de\/vfb\/wp-json\/wp\/v2\/types\/post"}],"author":[{"embeddable":true,"href":"https:\/\/vfb1.de\/vfb\/wp-json\/wp\/v2\/users\/2"}],"replies":[{"embeddable":true,"href":"https:\/\/vfb1.de\/vfb\/wp-json\/wp\/v2\/comments?post=349"}],"version-history":[{"count":0,"href":"https:\/\/vfb1.de\/vfb\/wp-json\/wp\/v2\/posts\/349\/revisions"}],"wp:attachment":[{"href":"https:\/\/vfb1.de\/vfb\/wp-json\/wp\/v2\/media?parent=349"}],"wp:term":[{"taxonomy":"category","embeddable":true,"href":"https:\/\/vfb1.de\/vfb\/wp-json\/wp\/v2\/categories?post=349"},{"taxonomy":"post_tag","embeddable":true,"href":"https:\/\/vfb1.de\/vfb\/wp-json\/wp\/v2\/tags?post=349"}],"curies":[{"name":"wp","href":"https:\/\/api.w.org\/{rel}","templated":true}]}}