{"id":348,"date":"2019-09-17T00:00:00","date_gmt":"2019-09-17T00:00:00","guid":{"rendered":"https:\/\/vfb1.de\/vfb\/2019\/09\/17\/vfb-stuttgart-wer-wird-praesident\/"},"modified":"2019-09-17T00:00:00","modified_gmt":"2019-09-17T00:00:00","slug":"vfb-stuttgart-wer-wird-praesident","status":"publish","type":"post","link":"https:\/\/vfb1.de\/vfb\/2019\/09\/17\/vfb-stuttgart-wer-wird-praesident\/","title":{"rendered":"VfB Stuttgart: Wer wird Pr\u00e4sident?"},"content":{"rendered":"<p>Laut Angaben einer Stuttgarter Tageszeitung will der VfB Stuttgart angeblich nicht die Namen der Bewerber nennen, die sich f\u00fcr die Wahl zum Pr\u00e4sidenten beworben haben. Doch ein paar der rund ein Dutzend Kandidaten sind dennoch bekannt.<br \/>\n<br \/>\u00d6ffentlich bekannt haben sich VfB-Ehrenspielf\u00fchrer Guido Buchwald, der Schorndorfer Oberb\u00fcrgermeister Matthias Klopfer sowie der B\u00f6blinger Unternehmer Claus Vogt. Weiterhin sollen Bernd-Michael H\u00fcmer, der als stellvertretender Hauptgesch\u00e4ftsf\u00fchrer der Handwerkskammer Region Stuttgart t\u00e4tig ist, Christian Riethm\u00fcller, Gesch\u00e4ftsf\u00fchrer der Buchhandlung Osiander und der Stuttgarter CDU-Stadtrat Markus Reiners eine Bewerbung abgegeben haben.<br \/>\n<br \/>Wie viele Bewerber es am Ende sein werden: F\u00fcnf Wochen vor der Mitgliederversammlung werden vom Vereinsbeirat lediglich zwei Kandidaten benannt, welche den Mitgliedern zur Wahl vorgeschlagen werden. Eine gr\u00f6\u00dfere Zahl l\u00e4sst die Satzung des VfB nicht zu. Bis zu dieser Frist am 10. November kann der Vereinsbeirat seinerseits noch eigene Bewerber aufstellen.<br \/>\n(jd)<\/p>\n","protected":false},"excerpt":{"rendered":"<p>Laut Angaben einer Stuttgarter Tageszeitung will der VfB Stuttgart angeblich nicht die Namen der Bewerber nennen, die sich f\u00fcr die&hellip;<\/p>\n","protected":false},"author":2,"featured_media":0,"comment_status":"open","ping_status":"open","sticky":false,"template":"","format":"standard","meta":{"footnotes":""},"categories":[],"tags":[],"class_list":["post-348","post","type-post","status-publish","format-standard","hentry"],"_links":{"self":[{"href":"https:\/\/vfb1.de\/vfb\/wp-json\/wp\/v2\/posts\/348","targetHints":{"allow":["GET"]}}],"collection":[{"href":"https:\/\/vfb1.de\/vfb\/wp-json\/wp\/v2\/posts"}],"about":[{"href":"https:\/\/vfb1.de\/vfb\/wp-json\/wp\/v2\/types\/post"}],"author":[{"embeddable":true,"href":"https:\/\/vfb1.de\/vfb\/wp-json\/wp\/v2\/users\/2"}],"replies":[{"embeddable":true,"href":"https:\/\/vfb1.de\/vfb\/wp-json\/wp\/v2\/comments?post=348"}],"version-history":[{"count":0,"href":"https:\/\/vfb1.de\/vfb\/wp-json\/wp\/v2\/posts\/348\/revisions"}],"wp:attachment":[{"href":"https:\/\/vfb1.de\/vfb\/wp-json\/wp\/v2\/media?parent=348"}],"wp:term":[{"taxonomy":"category","embeddable":true,"href":"https:\/\/vfb1.de\/vfb\/wp-json\/wp\/v2\/categories?post=348"},{"taxonomy":"post_tag","embeddable":true,"href":"https:\/\/vfb1.de\/vfb\/wp-json\/wp\/v2\/tags?post=348"}],"curies":[{"name":"wp","href":"https:\/\/api.w.org\/{rel}","templated":true}]}}