{"id":347,"date":"2019-09-16T00:00:00","date_gmt":"2019-09-16T00:00:00","guid":{"rendered":"https:\/\/vfb1.de\/vfb\/2019\/09\/16\/vfb-stuttgart-mangala-setzt-die-akzente\/"},"modified":"2019-09-16T00:00:00","modified_gmt":"2019-09-16T00:00:00","slug":"vfb-stuttgart-mangala-setzt-die-akzente","status":"publish","type":"post","link":"https:\/\/vfb1.de\/vfb\/2019\/09\/16\/vfb-stuttgart-mangala-setzt-die-akzente\/","title":{"rendered":"VfB Stuttgart: Mangala setzt die Akzente"},"content":{"rendered":"<p>Der VfB Stuttgart hat zwei Probleme in dieser Saison: Die mangelnde Verwertung der zahlreichen Chancen vorne und die Anf\u00e4lligkeit nach Kontern hinten. Umso wichtiger ist die Stabilit\u00e4t im Zentrum. VfB-Trainer Tim Walter sah f\u00fcr diese heikle Aufgabe den 22-j\u00e4hrigen Atakan Karazor vor, der Walters System aus seiner Zeit bei Holstein Kiel kannte. Doch nach einigen Patzern kam im Spiel gegen Regensburg nun Orel Mangala zum Einsatz \u0096 und \u00fcberzeugte.<br \/>\n<br \/>\u0084Das war eine Entscheidung aufgrund der Trainingseindr\u00fccke\u0093, wird Walter von einer Stuttgarter Tageszeitung zu dem Wechsel in der Mannschaft zitiert. Und Walter hatte nach dem 3:2-Sieg des VfB lobende Worte f\u00fcr Mangala parat: \u0084Man hat gesehen, welche Ballsicherheit und was f\u00fcr eine Zweikampfst\u00e4rke er mitbringt.\u0093<br \/>\n<br \/>Perfekt ist der Belgier dennoch nicht: \u0084Beim strategischen Denken muss er sich aber noch verbessern\u0093, so Walter. Dass der 21-J\u00e4hrige in der Vorsaison an den Hamburger SV ausgeliehen war, um dort Spielpraxis und Selbstvertrauen zu sammeln, scheint sich nun auszuzahlen.<br \/>\n(rf)<\/p>\n","protected":false},"excerpt":{"rendered":"<p>Der VfB Stuttgart hat zwei Probleme in dieser Saison: Die mangelnde Verwertung der zahlreichen Chancen vorne und die Anf\u00e4lligkeit nach&hellip;<\/p>\n","protected":false},"author":2,"featured_media":0,"comment_status":"open","ping_status":"open","sticky":false,"template":"","format":"standard","meta":{"footnotes":""},"categories":[],"tags":[],"class_list":["post-347","post","type-post","status-publish","format-standard","hentry"],"_links":{"self":[{"href":"https:\/\/vfb1.de\/vfb\/wp-json\/wp\/v2\/posts\/347","targetHints":{"allow":["GET"]}}],"collection":[{"href":"https:\/\/vfb1.de\/vfb\/wp-json\/wp\/v2\/posts"}],"about":[{"href":"https:\/\/vfb1.de\/vfb\/wp-json\/wp\/v2\/types\/post"}],"author":[{"embeddable":true,"href":"https:\/\/vfb1.de\/vfb\/wp-json\/wp\/v2\/users\/2"}],"replies":[{"embeddable":true,"href":"https:\/\/vfb1.de\/vfb\/wp-json\/wp\/v2\/comments?post=347"}],"version-history":[{"count":0,"href":"https:\/\/vfb1.de\/vfb\/wp-json\/wp\/v2\/posts\/347\/revisions"}],"wp:attachment":[{"href":"https:\/\/vfb1.de\/vfb\/wp-json\/wp\/v2\/media?parent=347"}],"wp:term":[{"taxonomy":"category","embeddable":true,"href":"https:\/\/vfb1.de\/vfb\/wp-json\/wp\/v2\/categories?post=347"},{"taxonomy":"post_tag","embeddable":true,"href":"https:\/\/vfb1.de\/vfb\/wp-json\/wp\/v2\/tags?post=347"}],"curies":[{"name":"wp","href":"https:\/\/api.w.org\/{rel}","templated":true}]}}