{"id":344,"date":"2019-09-13T00:00:00","date_gmt":"2019-09-13T00:00:00","guid":{"rendered":"https:\/\/vfb1.de\/vfb\/2019\/09\/13\/vfb-stuttgart-buchwald-will-praesident-werden\/"},"modified":"2019-09-13T00:00:00","modified_gmt":"2019-09-13T00:00:00","slug":"vfb-stuttgart-buchwald-will-praesident-werden","status":"publish","type":"post","link":"https:\/\/vfb1.de\/vfb\/2019\/09\/13\/vfb-stuttgart-buchwald-will-praesident-werden\/","title":{"rendered":"VfB Stuttgart: Buchwald will Pr\u00e4sident werden"},"content":{"rendered":"<p>Guido Buchwald hat sich Zeit gelassen. Doch rechtzeitig vor Ende der Bewerbungsfrist hat er nun entschieden, sich als Kandidat f\u00fcr den Pr\u00e4sidentenposten beim VfB Stuttgart aufstellen zu lassen.<br \/>\n<br \/>\u0084Vor der Verantwortung habe ich mich noch nie gedr\u00fcckt. Ich stehe zu meinem Wort, dem VfB Stuttgart zu helfen, wenn er Hilfe ben\u00f6tigt. Ich bin bereit, diese Verantwortung zu \u00fcbernehmen und mich den Mitgliedern, dem obersten Gremium des Vereins, in einer demokratischen und fairen Wahl zu stellen\u0093, wird er von einem Onlineportal zitiert.<br \/>\n<br \/>Nach dem R\u00fccktritt von Wolfgang Dietrich haben sich bislang der Schorndorfer Oberb\u00fcrgermeister Matthias Klopfer sowie der Unternehmer Claus Vogt f\u00fcr das Amt empfohlen. Der Ex-Profi Buchwald d\u00fcrfte daher nun die Favoritenrolle einnehmen. \u0084Da der VfB Stuttgart noch immer ein Sportverein ist, bin ich der Auffassung, dass auch ein \u0082Sportler\u0091 an der Spitze des Vereines stehen sollte\u0093, gibt sich Buchwald zuversichtlich.<br \/>\n<br \/>Bei der Mitgliederversammlung k\u00f6nnen sich nur zwei Kandidaten pr\u00e4sentieren, die vom Vereinsbeirat aufgestellt werden m\u00fcssen.<br \/>\n(cm)<\/p>\n","protected":false},"excerpt":{"rendered":"<p>Guido Buchwald hat sich Zeit gelassen. Doch rechtzeitig vor Ende der Bewerbungsfrist hat er nun entschieden, sich als Kandidat f\u00fcr&hellip;<\/p>\n","protected":false},"author":2,"featured_media":0,"comment_status":"open","ping_status":"open","sticky":false,"template":"","format":"standard","meta":{"footnotes":""},"categories":[],"tags":[],"class_list":["post-344","post","type-post","status-publish","format-standard","hentry"],"_links":{"self":[{"href":"https:\/\/vfb1.de\/vfb\/wp-json\/wp\/v2\/posts\/344","targetHints":{"allow":["GET"]}}],"collection":[{"href":"https:\/\/vfb1.de\/vfb\/wp-json\/wp\/v2\/posts"}],"about":[{"href":"https:\/\/vfb1.de\/vfb\/wp-json\/wp\/v2\/types\/post"}],"author":[{"embeddable":true,"href":"https:\/\/vfb1.de\/vfb\/wp-json\/wp\/v2\/users\/2"}],"replies":[{"embeddable":true,"href":"https:\/\/vfb1.de\/vfb\/wp-json\/wp\/v2\/comments?post=344"}],"version-history":[{"count":0,"href":"https:\/\/vfb1.de\/vfb\/wp-json\/wp\/v2\/posts\/344\/revisions"}],"wp:attachment":[{"href":"https:\/\/vfb1.de\/vfb\/wp-json\/wp\/v2\/media?parent=344"}],"wp:term":[{"taxonomy":"category","embeddable":true,"href":"https:\/\/vfb1.de\/vfb\/wp-json\/wp\/v2\/categories?post=344"},{"taxonomy":"post_tag","embeddable":true,"href":"https:\/\/vfb1.de\/vfb\/wp-json\/wp\/v2\/tags?post=344"}],"curies":[{"name":"wp","href":"https:\/\/api.w.org\/{rel}","templated":true}]}}