{"id":343,"date":"2019-09-12T00:00:00","date_gmt":"2019-09-12T00:00:00","guid":{"rendered":"https:\/\/vfb1.de\/vfb\/2019\/09\/12\/vfb-stuttgart-fragezeichen-hinter-gomez\/"},"modified":"2019-09-12T00:00:00","modified_gmt":"2019-09-12T00:00:00","slug":"vfb-stuttgart-fragezeichen-hinter-gomez","status":"publish","type":"post","link":"https:\/\/vfb1.de\/vfb\/2019\/09\/12\/vfb-stuttgart-fragezeichen-hinter-gomez\/","title":{"rendered":"VfB Stuttgart: Fragezeichen hinter Gomez"},"content":{"rendered":"<p>Der VfB Stuttgart hat nach der L\u00e4nderspielpause keine Verletzten zu beklagen. Borna Sosa und Wataru Endo steigen nach den R\u00fcckreisestrapazen laut VfB-Trainer Tim Walter sp\u00e4ter ins Mannschaftstraining ein. Und VfB-Kapit\u00e4n Marc Oliver Kempf ist auch wieder einsatzbereit.<br \/>\n<br \/>Lediglich ein personelles Fragezeichen gibt es vor dem Spiel bei SSV Jahn Regensburg. Mario Gomez erlitt eine Magen-Darm-Verstimmung. \u0084Er hat am Mittwoch und Donnerstag nicht trainiert. Bei ihm m\u00fcssen wir schauen, ob er bis Samstag bei Kr\u00e4ften ist und \u00fcberhaupt mit nach Regensburg Reisen kann\u0093, so Tim Walter.<br \/>\n<br \/>Gegen Regensburg soll der VfB die bislang erfolgreiche Serie von vier Spielen ohne Niederlage fortsetzen: \u0084Wir wollen gegen jeden Gegner dominant und konsequent sein\u0093, fordert Walter. Die Mannschaft solle mit Mut an die Aufgabe gehen. \u0084Dazu geh\u00f6rt das Vertrauen in die eigene St\u00e4rke\u0093, so Walter weiter.<br \/>\n(cm)<\/p>\n","protected":false},"excerpt":{"rendered":"<p>Der VfB Stuttgart hat nach der L\u00e4nderspielpause keine Verletzten zu beklagen. Borna Sosa und Wataru Endo steigen nach den R\u00fcckreisestrapazen&hellip;<\/p>\n","protected":false},"author":2,"featured_media":0,"comment_status":"open","ping_status":"open","sticky":false,"template":"","format":"standard","meta":{"footnotes":""},"categories":[],"tags":[],"class_list":["post-343","post","type-post","status-publish","format-standard","hentry"],"_links":{"self":[{"href":"https:\/\/vfb1.de\/vfb\/wp-json\/wp\/v2\/posts\/343","targetHints":{"allow":["GET"]}}],"collection":[{"href":"https:\/\/vfb1.de\/vfb\/wp-json\/wp\/v2\/posts"}],"about":[{"href":"https:\/\/vfb1.de\/vfb\/wp-json\/wp\/v2\/types\/post"}],"author":[{"embeddable":true,"href":"https:\/\/vfb1.de\/vfb\/wp-json\/wp\/v2\/users\/2"}],"replies":[{"embeddable":true,"href":"https:\/\/vfb1.de\/vfb\/wp-json\/wp\/v2\/comments?post=343"}],"version-history":[{"count":0,"href":"https:\/\/vfb1.de\/vfb\/wp-json\/wp\/v2\/posts\/343\/revisions"}],"wp:attachment":[{"href":"https:\/\/vfb1.de\/vfb\/wp-json\/wp\/v2\/media?parent=343"}],"wp:term":[{"taxonomy":"category","embeddable":true,"href":"https:\/\/vfb1.de\/vfb\/wp-json\/wp\/v2\/categories?post=343"},{"taxonomy":"post_tag","embeddable":true,"href":"https:\/\/vfb1.de\/vfb\/wp-json\/wp\/v2\/tags?post=343"}],"curies":[{"name":"wp","href":"https:\/\/api.w.org\/{rel}","templated":true}]}}