{"id":342,"date":"2019-09-11T00:00:00","date_gmt":"2019-09-11T00:00:00","guid":{"rendered":"https:\/\/vfb1.de\/vfb\/2019\/09\/11\/vfb-stuttgart-hat-buchwald-eine-chance\/"},"modified":"2019-09-11T00:00:00","modified_gmt":"2019-09-11T00:00:00","slug":"vfb-stuttgart-hat-buchwald-eine-chance","status":"publish","type":"post","link":"https:\/\/vfb1.de\/vfb\/2019\/09\/11\/vfb-stuttgart-hat-buchwald-eine-chance\/","title":{"rendered":"VfB Stuttgart: Hat Buchwald eine Chance?"},"content":{"rendered":"<p>Bis Ende der Woche k\u00f6nnen sich Kandidaten f\u00fcr das Pr\u00e4sidentenamt beim VfB Stuttgart bewerben. Bislang haben der Schorndorfer Oberb\u00fcrgermeister Matthias Klopfer und Unternehmer Claus Vogt ihren Hut in den Ring geworfen. Ex-VfB-Profi Guido Buchwald h\u00e4lt sich noch zur\u00fcck. Ob er mit einer Kandidatur Chancen hat?<br \/>\n<br \/>Kritikern missf\u00e4llt, dass Buchwald unliebsame \u00c4u\u00dferungen zum VfB Stuttgart \u00fcber Medien transportiert. So entstand im vergangenen Herbst eine Debatte, als er den damaligen VfB-Sportvorstand Michael Reschke angriff, obwohl Buchwald zu diesem Zeitpunkt noch Mitglied im VfB-Aufsichtsrat war.<br \/>\n<br \/>Buchwalds Freundschaft zum Ex-VfB-Kollegen Thomas Berthold k\u00f6nnte zudem hinderlich sein, da auch dieser mit Vorliebe \u00fcber Zeitungen und Fernsehen seine Meinung zum VfB \u00e4u\u00dfert.<br \/>\n<br \/>Buchwald trat&nbsp; nach einem Streit mit Aufsichtsratsmitglied und Daimler-Vorstand Wilfried Porth aus dem Aufsichtsrat aus. Sollte Buchwald Pr\u00e4sident werden, d\u00fcrften ungem\u00fctliche Zeiten hinter den VfB-Kulissen anbrechen.<br \/>\n(rf)<\/p>\n","protected":false},"excerpt":{"rendered":"<p>Bis Ende der Woche k\u00f6nnen sich Kandidaten f\u00fcr das Pr\u00e4sidentenamt beim VfB Stuttgart bewerben. Bislang haben der Schorndorfer Oberb\u00fcrgermeister Matthias&hellip;<\/p>\n","protected":false},"author":2,"featured_media":0,"comment_status":"open","ping_status":"open","sticky":false,"template":"","format":"standard","meta":{"footnotes":""},"categories":[],"tags":[],"class_list":["post-342","post","type-post","status-publish","format-standard","hentry"],"_links":{"self":[{"href":"https:\/\/vfb1.de\/vfb\/wp-json\/wp\/v2\/posts\/342","targetHints":{"allow":["GET"]}}],"collection":[{"href":"https:\/\/vfb1.de\/vfb\/wp-json\/wp\/v2\/posts"}],"about":[{"href":"https:\/\/vfb1.de\/vfb\/wp-json\/wp\/v2\/types\/post"}],"author":[{"embeddable":true,"href":"https:\/\/vfb1.de\/vfb\/wp-json\/wp\/v2\/users\/2"}],"replies":[{"embeddable":true,"href":"https:\/\/vfb1.de\/vfb\/wp-json\/wp\/v2\/comments?post=342"}],"version-history":[{"count":0,"href":"https:\/\/vfb1.de\/vfb\/wp-json\/wp\/v2\/posts\/342\/revisions"}],"wp:attachment":[{"href":"https:\/\/vfb1.de\/vfb\/wp-json\/wp\/v2\/media?parent=342"}],"wp:term":[{"taxonomy":"category","embeddable":true,"href":"https:\/\/vfb1.de\/vfb\/wp-json\/wp\/v2\/categories?post=342"},{"taxonomy":"post_tag","embeddable":true,"href":"https:\/\/vfb1.de\/vfb\/wp-json\/wp\/v2\/tags?post=342"}],"curies":[{"name":"wp","href":"https:\/\/api.w.org\/{rel}","templated":true}]}}