{"id":339,"date":"2019-09-08T00:00:00","date_gmt":"2019-09-08T00:00:00","guid":{"rendered":"https:\/\/vfb1.de\/vfb\/2019\/09\/08\/klinsmann-hat-den-vfb-stuttgart-abgehakt\/"},"modified":"2019-09-08T00:00:00","modified_gmt":"2019-09-08T00:00:00","slug":"klinsmann-hat-den-vfb-stuttgart-abgehakt","status":"publish","type":"post","link":"https:\/\/vfb1.de\/vfb\/2019\/09\/08\/klinsmann-hat-den-vfb-stuttgart-abgehakt\/","title":{"rendered":"Klinsmann hat den VfB Stuttgart abgehakt"},"content":{"rendered":"<p>J\u00fcrgen Klinsmann hat seinem Ex-Verein VfB Stuttgart nicht nur eine Abfuhr erteilt, was die Kandidatur f\u00fcr das Amt des Vorstandvorsitzenden angeht. Er hat ein k\u00fcnftiges Engagement beim VfB vollends abgehakt.<br \/>\n<br \/>Nachdem er kritisierte, dass die Kommunikation mit dem Pr\u00e4sidialrat des VfB und einer Personal-Beratungsagentur aus M\u00fcnchen \u0084nicht zielf\u00fchrend\u0093 gewesen sei, konterte VfB-Interimspr\u00e4sident Bernd Gaiser die Aussage als &quot;nicht nachvollziehbar&quot;. Klinsmann macht nun einen Haken an die Angelegenheit: &quot;Es ist klar, der eine sagt das, der andere sagt das &#8211; letztendlich ist Fakt, dass es nicht zusammenpasst. Damit ist das Thema erledigt. In der Konstellation, wie sie momentan in der F\u00fchrungsebene besetzt sind, hatte ich kein gutes Gef\u00fchl.&quot;<br \/>\n<br \/>Eine Kandidatur von seinem Ex-Mitstreiter Guido Buchwald f\u00fcr den Posten des VfB-Pr\u00e4sidenten, begr\u00fc\u00dft Klinsmann: &quot;Er w\u00e4re der richtige, weil er Ahnung vom Fu\u00dfball hat und er eine Legende ist. Er hat eine gro\u00dfe Reichweite, so einen Klub zu f\u00fchren und zu repr\u00e4sentieren. Ich w\u00e4re begeistert, wenn Guido Pr\u00e4sident werden w\u00fcrde. Er bringt alles mit, Ehrlichkeit, Geradlinigkeit, Fachwissen &#8211; und er hat keine Angst anzuecken und eine Konfrontation auszuleben\u0093, wird Klinsmann von einem TV-Sender zitiert.<br \/>\n(cm)<\/p>\n","protected":false},"excerpt":{"rendered":"<p>J\u00fcrgen Klinsmann hat seinem Ex-Verein VfB Stuttgart nicht nur eine Abfuhr erteilt, was die Kandidatur f\u00fcr das Amt des Vorstandvorsitzenden&hellip;<\/p>\n","protected":false},"author":2,"featured_media":0,"comment_status":"open","ping_status":"open","sticky":false,"template":"","format":"standard","meta":{"footnotes":""},"categories":[],"tags":[],"class_list":["post-339","post","type-post","status-publish","format-standard","hentry"],"_links":{"self":[{"href":"https:\/\/vfb1.de\/vfb\/wp-json\/wp\/v2\/posts\/339","targetHints":{"allow":["GET"]}}],"collection":[{"href":"https:\/\/vfb1.de\/vfb\/wp-json\/wp\/v2\/posts"}],"about":[{"href":"https:\/\/vfb1.de\/vfb\/wp-json\/wp\/v2\/types\/post"}],"author":[{"embeddable":true,"href":"https:\/\/vfb1.de\/vfb\/wp-json\/wp\/v2\/users\/2"}],"replies":[{"embeddable":true,"href":"https:\/\/vfb1.de\/vfb\/wp-json\/wp\/v2\/comments?post=339"}],"version-history":[{"count":0,"href":"https:\/\/vfb1.de\/vfb\/wp-json\/wp\/v2\/posts\/339\/revisions"}],"wp:attachment":[{"href":"https:\/\/vfb1.de\/vfb\/wp-json\/wp\/v2\/media?parent=339"}],"wp:term":[{"taxonomy":"category","embeddable":true,"href":"https:\/\/vfb1.de\/vfb\/wp-json\/wp\/v2\/categories?post=339"},{"taxonomy":"post_tag","embeddable":true,"href":"https:\/\/vfb1.de\/vfb\/wp-json\/wp\/v2\/tags?post=339"}],"curies":[{"name":"wp","href":"https:\/\/api.w.org\/{rel}","templated":true}]}}