{"id":337,"date":"2019-09-06T00:00:00","date_gmt":"2019-09-06T00:00:00","guid":{"rendered":"https:\/\/vfb1.de\/vfb\/2019\/09\/06\/vfb-stuttgart-baumgartls-seitenhieb-gegen-vereinsfuehrung\/"},"modified":"2019-09-06T00:00:00","modified_gmt":"2019-09-06T00:00:00","slug":"vfb-stuttgart-baumgartls-seitenhieb-gegen-vereinsfuehrung","status":"publish","type":"post","link":"https:\/\/vfb1.de\/vfb\/2019\/09\/06\/vfb-stuttgart-baumgartls-seitenhieb-gegen-vereinsfuehrung\/","title":{"rendered":"VfB Stuttgart: Baumgartls Seitenhieb gegen Vereinsf\u00fchrung"},"content":{"rendered":"<p>Timo Baumgartl hat es geschafft, vom Jugendspieler des VfB in die erste Mannschaft aufzusteigen und sich dort als Stammspieler zu empfehlen. Im Juli kehrte er dem VfB den R\u00fccken und wechselte zu PSV Eindhoven. \u0084Ein Vereinswechsel h\u00e4tte auch angestanden, wenn wir in der ersten Liga geblieben w\u00e4ren\u0093, erkl\u00e4rte Baumgartl. Er wollte den n\u00e4chsten Karriereschritt machen.<br \/>\n<br \/>Gleichzeitig liefert er in seiner Begr\u00fcndung, weshalb er sich f\u00fcr den niederl\u00e4ndischen Europa-League-Teilnehmer entscheiden hat, auch einen Seitenhieb auf die Vereinsf\u00fchrung des VfB mit: \u0084Es ist ein gro\u00dfer Verein, und es ist ein ruhiger Verein, der einen klaren Plan verfolgt und in Krisenzeiten besonnen agiert.\u0093<br \/>\n<br \/>Ganz im Gegensatz zum VfB. W\u00e4hrend seiner aktiven Zeit erlebte er dort elf verschiedene Coaches in knapp f\u00fcnf Jahren, woran er zu knabbern hatte: \u0084Man kann das nicht immer alles von einem weghalten, wenn man viele Trainer hat, weil jeder eine unterschiedliche Philosophie hat \u0096 das hat in den letzten Jahren leider nicht so gut funktioniert.\u0093<br \/>\n<br \/>Bei Eindhoven will er sich mit guten Leistungen f\u00fcr die Nationalmannschaft empfehlen: \u0084Ich mache mir da aber keinen Stress. Wenn man gute Leistungen auf dem Platz bringt, wird das irgendwann belohnt.\u0093<br \/>\n(rf)<\/p>\n","protected":false},"excerpt":{"rendered":"<p>Timo Baumgartl hat es geschafft, vom Jugendspieler des VfB in die erste Mannschaft aufzusteigen und sich dort als Stammspieler zu&hellip;<\/p>\n","protected":false},"author":2,"featured_media":0,"comment_status":"open","ping_status":"open","sticky":false,"template":"","format":"standard","meta":{"footnotes":""},"categories":[],"tags":[],"class_list":["post-337","post","type-post","status-publish","format-standard","hentry"],"_links":{"self":[{"href":"https:\/\/vfb1.de\/vfb\/wp-json\/wp\/v2\/posts\/337","targetHints":{"allow":["GET"]}}],"collection":[{"href":"https:\/\/vfb1.de\/vfb\/wp-json\/wp\/v2\/posts"}],"about":[{"href":"https:\/\/vfb1.de\/vfb\/wp-json\/wp\/v2\/types\/post"}],"author":[{"embeddable":true,"href":"https:\/\/vfb1.de\/vfb\/wp-json\/wp\/v2\/users\/2"}],"replies":[{"embeddable":true,"href":"https:\/\/vfb1.de\/vfb\/wp-json\/wp\/v2\/comments?post=337"}],"version-history":[{"count":0,"href":"https:\/\/vfb1.de\/vfb\/wp-json\/wp\/v2\/posts\/337\/revisions"}],"wp:attachment":[{"href":"https:\/\/vfb1.de\/vfb\/wp-json\/wp\/v2\/media?parent=337"}],"wp:term":[{"taxonomy":"category","embeddable":true,"href":"https:\/\/vfb1.de\/vfb\/wp-json\/wp\/v2\/categories?post=337"},{"taxonomy":"post_tag","embeddable":true,"href":"https:\/\/vfb1.de\/vfb\/wp-json\/wp\/v2\/tags?post=337"}],"curies":[{"name":"wp","href":"https:\/\/api.w.org\/{rel}","templated":true}]}}