{"id":335,"date":"2019-09-04T00:00:00","date_gmt":"2019-09-04T00:00:00","guid":{"rendered":"https:\/\/vfb1.de\/vfb\/2019\/09\/04\/juergen-klinsmann-gibt-vfb-stuttgart-einen-korb\/"},"modified":"2019-09-04T00:00:00","modified_gmt":"2019-09-04T00:00:00","slug":"juergen-klinsmann-gibt-vfb-stuttgart-einen-korb","status":"publish","type":"post","link":"https:\/\/vfb1.de\/vfb\/2019\/09\/04\/juergen-klinsmann-gibt-vfb-stuttgart-einen-korb\/","title":{"rendered":"J\u00fcrgen Klinsmann gibt VfB Stuttgart einen Korb"},"content":{"rendered":"<p>Er wurde als Mann der Zukunft gehandelt, der den VfB Stuttgart wieder auf Kurs bringt, doch J\u00fcrgen Klinsmann hat seinem ehemaligen Verein nun einen Korb gegeben.<br \/>\n\u0084Per Mail habe ich heute dem Pr\u00e4sidialrat des VfB Stuttgart mitgeteilt, dass ich in der jetzigen F\u00fchrungskonstellation des Vereins f\u00fcr weitere Gespr\u00e4che f\u00fcr das Amt des Vorstandsvorsitzenden und auch f\u00fcr ein anderes Amt beim VfB nicht zur Verf\u00fcgung stehe\u0093, wird der Ex-Nationalspieler zitiert. Seine Erkl\u00e4rung beinhaltet auch Kritik: \u0084Die gesamte Kommunikation und Korrespondenz sowohl mit dem Pr\u00e4sidialrat des VfB als auch mit einer Personal-Beratungsagentur aus M\u00fcnchen waren f\u00fcr mich nicht zielf\u00fchrend und ohne jegliche Dringlichkeit von seiten des VfB.\u0093<br \/>\nW\u00e4hrend Klinsmann \u0084nein\u0093 zum VfB sagt, betont ein Neuzugang sein \u0084ja\u0093: Philipp F\u00f6rster wurde kurz vor Schlie\u00dfen des Transferfensters verpflichtet. \u0084Die Gespr\u00e4che mit den VfB Verantwortlichen waren top. Nun brenne ich darauf, in der Mercedes-Benz Arena zu spielen. Die Spielweise, die der Trainer fordert, imponiert mir. Der Offensivfu\u00dfball und das Kurzpassspiel kommt mir entgegen\u0093, wird F\u00f6rster vom Verein zitiert.<br \/>\nDie derzeitige L\u00e4nderspielpause will der 24-J\u00e4hrige nutzen, um sich in das Mannschaftstraining einzufinden. Erste Gelegenheit zum Einsatz best\u00fcnde dann am kommenden Freitag beim 3-Ligen-Cup. Dort trifft der VfB auf Gastgeber SG Sonnenhof Gro\u00dfaspach und den SC Austria Lustenau.<br \/>\n(cm)<\/p>\n","protected":false},"excerpt":{"rendered":"<p>Er wurde als Mann der Zukunft gehandelt, der den VfB Stuttgart wieder auf Kurs bringt, doch J\u00fcrgen Klinsmann hat seinem&hellip;<\/p>\n","protected":false},"author":2,"featured_media":0,"comment_status":"open","ping_status":"open","sticky":false,"template":"","format":"standard","meta":{"footnotes":""},"categories":[],"tags":[],"class_list":["post-335","post","type-post","status-publish","format-standard","hentry"],"_links":{"self":[{"href":"https:\/\/vfb1.de\/vfb\/wp-json\/wp\/v2\/posts\/335","targetHints":{"allow":["GET"]}}],"collection":[{"href":"https:\/\/vfb1.de\/vfb\/wp-json\/wp\/v2\/posts"}],"about":[{"href":"https:\/\/vfb1.de\/vfb\/wp-json\/wp\/v2\/types\/post"}],"author":[{"embeddable":true,"href":"https:\/\/vfb1.de\/vfb\/wp-json\/wp\/v2\/users\/2"}],"replies":[{"embeddable":true,"href":"https:\/\/vfb1.de\/vfb\/wp-json\/wp\/v2\/comments?post=335"}],"version-history":[{"count":0,"href":"https:\/\/vfb1.de\/vfb\/wp-json\/wp\/v2\/posts\/335\/revisions"}],"wp:attachment":[{"href":"https:\/\/vfb1.de\/vfb\/wp-json\/wp\/v2\/media?parent=335"}],"wp:term":[{"taxonomy":"category","embeddable":true,"href":"https:\/\/vfb1.de\/vfb\/wp-json\/wp\/v2\/categories?post=335"},{"taxonomy":"post_tag","embeddable":true,"href":"https:\/\/vfb1.de\/vfb\/wp-json\/wp\/v2\/tags?post=335"}],"curies":[{"name":"wp","href":"https:\/\/api.w.org\/{rel}","templated":true}]}}