{"id":334,"date":"2019-09-03T00:00:00","date_gmt":"2019-09-03T00:00:00","guid":{"rendered":"https:\/\/vfb1.de\/vfb\/2019\/09\/03\/vfb-stuttgart-disziplinarstrafe-fuer-ascacibar\/"},"modified":"2019-09-03T00:00:00","modified_gmt":"2019-09-03T00:00:00","slug":"vfb-stuttgart-disziplinarstrafe-fuer-ascacibar","status":"publish","type":"post","link":"https:\/\/vfb1.de\/vfb\/2019\/09\/03\/vfb-stuttgart-disziplinarstrafe-fuer-ascacibar\/","title":{"rendered":"VfB Stuttgart: Disziplinarstrafe f\u00fcr Ascacibar"},"content":{"rendered":"<p>Santiago Ascacibar sa\u00df gegen Erzgebirge Aue auf der Bank und beim Spiel gegen den VfL Bochum nicht einmal mehr im Kader. \u0084Aus disziplinarischen Gr\u00fcnden\u0093, erkl\u00e4rte VfB-Trainer Tim Walter.<br \/>\n<br \/>Ascacibar ist unzufrieden mit seiner Rolle beim VfB. Unter dem neuen Trainer Walter musste er auf die Fl\u00fcgel ausweichen, was ihm nicht passt. Er lieb\u00e4ugelte daher mit einem Wechsel. Der spanische Club Betis Sevilla war unter anderem an dem Argentinier interessiert. Doch aus einem Transfer wurde nichts.<br \/>\n<br \/>Nun befindet er sich erst einmal auf L\u00e4nderspielreise und nach seiner R\u00fcckkehr haben sich die Wogen vielleicht wieder gegl\u00e4ttet. VfB-Sportdirektor Sven Mislintat will die Angelegenheit nicht zu hoch h\u00e4ngen: \u0084Es war nichts Weltbewegendes mit Santi. Nichts, was man nicht schon mal im Fu\u00dfball erlebt hat.\u0093<br \/>\n<br \/>Kurz vor Schlie\u00dfung des Transferfensters konnte der VfB ein anderes Sorgenkind verarzten: Anastasios Donis wurde f\u00fcr ein Jahr an den franz\u00f6sischen Erstligisten Stade Reims verliehen. Danach besteht laut Angaben einer Stuttgarter Tageszeitung eine Kaufverpflichtung, sofern Reims weiter in der ersten Liga spielt.<br \/>\n(jd)<\/p>\n","protected":false},"excerpt":{"rendered":"<p>Santiago Ascacibar sa\u00df gegen Erzgebirge Aue auf der Bank und beim Spiel gegen den VfL Bochum nicht einmal mehr im&hellip;<\/p>\n","protected":false},"author":2,"featured_media":0,"comment_status":"open","ping_status":"open","sticky":false,"template":"","format":"standard","meta":{"footnotes":""},"categories":[],"tags":[],"class_list":["post-334","post","type-post","status-publish","format-standard","hentry"],"_links":{"self":[{"href":"https:\/\/vfb1.de\/vfb\/wp-json\/wp\/v2\/posts\/334","targetHints":{"allow":["GET"]}}],"collection":[{"href":"https:\/\/vfb1.de\/vfb\/wp-json\/wp\/v2\/posts"}],"about":[{"href":"https:\/\/vfb1.de\/vfb\/wp-json\/wp\/v2\/types\/post"}],"author":[{"embeddable":true,"href":"https:\/\/vfb1.de\/vfb\/wp-json\/wp\/v2\/users\/2"}],"replies":[{"embeddable":true,"href":"https:\/\/vfb1.de\/vfb\/wp-json\/wp\/v2\/comments?post=334"}],"version-history":[{"count":0,"href":"https:\/\/vfb1.de\/vfb\/wp-json\/wp\/v2\/posts\/334\/revisions"}],"wp:attachment":[{"href":"https:\/\/vfb1.de\/vfb\/wp-json\/wp\/v2\/media?parent=334"}],"wp:term":[{"taxonomy":"category","embeddable":true,"href":"https:\/\/vfb1.de\/vfb\/wp-json\/wp\/v2\/categories?post=334"},{"taxonomy":"post_tag","embeddable":true,"href":"https:\/\/vfb1.de\/vfb\/wp-json\/wp\/v2\/tags?post=334"}],"curies":[{"name":"wp","href":"https:\/\/api.w.org\/{rel}","templated":true}]}}