{"id":332,"date":"2019-09-02T00:00:00","date_gmt":"2019-09-02T00:00:00","guid":{"rendered":"https:\/\/vfb1.de\/vfb\/2019\/09\/02\/vfb-stuttgart-verpflichtet-foerster\/"},"modified":"2019-09-02T00:00:00","modified_gmt":"2019-09-02T00:00:00","slug":"vfb-stuttgart-verpflichtet-foerster","status":"publish","type":"post","link":"https:\/\/vfb1.de\/vfb\/2019\/09\/02\/vfb-stuttgart-verpflichtet-foerster\/","title":{"rendered":"VfB Stuttgart verpflichtet F\u00f6rster"},"content":{"rendered":"<p>Was vfb1.de bereits angedeutet hat, wird nur wenig sp\u00e4ter Gewissheit: Der VfB Stuttgart holt vor Ende der Transferperiode noch einen Mittelfeldspieler. Philipp F\u00f6rster vom SV Sandhausen erh\u00e4lt nach Vereinsangaben einen Vertrag bis 30. Juni 2023.<br \/>\n<br \/>Der 24-J\u00e4hrige ist kein Unbekannter beim VfB. Er stand bereits von 2010 bis 2014 in den Diensten der Jugendmannschaft. F\u00fcr Sandhausen bestritt F\u00f6rster bisher 65 Partien in der zweiten Liga und erzielte dabei zehn Tore.<br \/>\n<br \/>VfB-Sportdirektor Sven Mislintat h\u00e4lt gro\u00dfe St\u00fccke auf den neuen Mann: \u0084Mit Philipp bekommen wir einen sehr hungrigen, physisch robusten und spielstarken Mittelfeldspieler f\u00fcr unser Projekt Wiederaufstieg hinzu.\u0093<br \/>\n<br \/>F\u00f6rster k\u00f6nnte den wechselwilligen Santiago Ascacibar ersetzen, f\u00fcr den der VfB ein Angebot aus Spanien vorliegen hat.<br \/>\n(rf)<\/p>\n","protected":false},"excerpt":{"rendered":"<p>Was vfb1.de bereits angedeutet hat, wird nur wenig sp\u00e4ter Gewissheit: Der VfB Stuttgart holt vor Ende der Transferperiode noch einen&hellip;<\/p>\n","protected":false},"author":2,"featured_media":0,"comment_status":"open","ping_status":"open","sticky":false,"template":"","format":"standard","meta":{"footnotes":""},"categories":[],"tags":[],"class_list":["post-332","post","type-post","status-publish","format-standard","hentry"],"_links":{"self":[{"href":"https:\/\/vfb1.de\/vfb\/wp-json\/wp\/v2\/posts\/332","targetHints":{"allow":["GET"]}}],"collection":[{"href":"https:\/\/vfb1.de\/vfb\/wp-json\/wp\/v2\/posts"}],"about":[{"href":"https:\/\/vfb1.de\/vfb\/wp-json\/wp\/v2\/types\/post"}],"author":[{"embeddable":true,"href":"https:\/\/vfb1.de\/vfb\/wp-json\/wp\/v2\/users\/2"}],"replies":[{"embeddable":true,"href":"https:\/\/vfb1.de\/vfb\/wp-json\/wp\/v2\/comments?post=332"}],"version-history":[{"count":0,"href":"https:\/\/vfb1.de\/vfb\/wp-json\/wp\/v2\/posts\/332\/revisions"}],"wp:attachment":[{"href":"https:\/\/vfb1.de\/vfb\/wp-json\/wp\/v2\/media?parent=332"}],"wp:term":[{"taxonomy":"category","embeddable":true,"href":"https:\/\/vfb1.de\/vfb\/wp-json\/wp\/v2\/categories?post=332"},{"taxonomy":"post_tag","embeddable":true,"href":"https:\/\/vfb1.de\/vfb\/wp-json\/wp\/v2\/tags?post=332"}],"curies":[{"name":"wp","href":"https:\/\/api.w.org\/{rel}","templated":true}]}}