{"id":331,"date":"2019-09-01T00:00:00","date_gmt":"2019-09-01T00:00:00","guid":{"rendered":"https:\/\/vfb1.de\/vfb\/2019\/09\/01\/vfb-stuttgart-kommt-foerster-fuer-ascacibar\/"},"modified":"2019-09-01T00:00:00","modified_gmt":"2019-09-01T00:00:00","slug":"vfb-stuttgart-kommt-foerster-fuer-ascacibar","status":"publish","type":"post","link":"https:\/\/vfb1.de\/vfb\/2019\/09\/01\/vfb-stuttgart-kommt-foerster-fuer-ascacibar\/","title":{"rendered":"VfB Stuttgart: Kommt F\u00f6rster f\u00fcr Ascacibar?"},"content":{"rendered":"<p>Wenn sich das Transferfenster am Montag um 18 Uhr schlie\u00dft, tritt der VfB weniger als drei Stunden sp\u00e4ter gegen VfL Bochum an. Bis zur letzten Sekunde k\u00f6nnte es noch einen Transferkrimi geben, den VfB-Trainer Tim Walter im Hinterkopf haben k\u00f6nnte.<br \/>\n<br \/>An Santiago Ascacibar ist der spanische Club Betis Sevilla dran. Da der 22-j\u00e4hrige Argentinier beim letzten Spiel des VfB gegen Erzgebirge Aue auf der Bank sa\u00df, ist er wechselwillig. Laut Bericht einer Stuttgarter Tageszeitung geht es nur noch um finanzielle Details.<br \/>\n<br \/>Die entstehende L\u00fccke k\u00f6nnte Philipp F\u00f6rster vom SV Sandhausen schlie\u00dfen. In seinem Vertrag ist eine Ausstiegsklausel in H\u00f6he von 2,5 Millionen enthalten, die den Wechsel erm\u00f6glichen w\u00fcrde.<br \/>\n<br \/>F\u00fcr St\u00fcrmer Nicolas Gonzalez liegen ebenfalls Angebote vor. Udinese Calcio k\u00f6nnte demnach zum Zug kommen, sofern die Italiener bereit w\u00e4ren, eine von Walter als \u0084Schmerzgrenze\u0093 bezeichnete Summe zu \u00fcberschreiten, die bei \u00fcber zehn Millionen Euro liegen d\u00fcrfte.<br \/>\n(rf)<\/p>\n","protected":false},"excerpt":{"rendered":"<p>Wenn sich das Transferfenster am Montag um 18 Uhr schlie\u00dft, tritt der VfB weniger als drei Stunden sp\u00e4ter gegen VfL&hellip;<\/p>\n","protected":false},"author":2,"featured_media":0,"comment_status":"open","ping_status":"open","sticky":false,"template":"","format":"standard","meta":{"footnotes":""},"categories":[],"tags":[],"class_list":["post-331","post","type-post","status-publish","format-standard","hentry"],"_links":{"self":[{"href":"https:\/\/vfb1.de\/vfb\/wp-json\/wp\/v2\/posts\/331","targetHints":{"allow":["GET"]}}],"collection":[{"href":"https:\/\/vfb1.de\/vfb\/wp-json\/wp\/v2\/posts"}],"about":[{"href":"https:\/\/vfb1.de\/vfb\/wp-json\/wp\/v2\/types\/post"}],"author":[{"embeddable":true,"href":"https:\/\/vfb1.de\/vfb\/wp-json\/wp\/v2\/users\/2"}],"replies":[{"embeddable":true,"href":"https:\/\/vfb1.de\/vfb\/wp-json\/wp\/v2\/comments?post=331"}],"version-history":[{"count":0,"href":"https:\/\/vfb1.de\/vfb\/wp-json\/wp\/v2\/posts\/331\/revisions"}],"wp:attachment":[{"href":"https:\/\/vfb1.de\/vfb\/wp-json\/wp\/v2\/media?parent=331"}],"wp:term":[{"taxonomy":"category","embeddable":true,"href":"https:\/\/vfb1.de\/vfb\/wp-json\/wp\/v2\/categories?post=331"},{"taxonomy":"post_tag","embeddable":true,"href":"https:\/\/vfb1.de\/vfb\/wp-json\/wp\/v2\/tags?post=331"}],"curies":[{"name":"wp","href":"https:\/\/api.w.org\/{rel}","templated":true}]}}