{"id":330,"date":"2019-08-31T00:00:00","date_gmt":"2019-08-31T00:00:00","guid":{"rendered":"https:\/\/vfb1.de\/vfb\/2019\/08\/31\/vfb-stuttgart-walter-arbeitet-an-feinjustierung\/"},"modified":"2019-08-31T00:00:00","modified_gmt":"2019-08-31T00:00:00","slug":"vfb-stuttgart-walter-arbeitet-an-feinjustierung","status":"publish","type":"post","link":"https:\/\/vfb1.de\/vfb\/2019\/08\/31\/vfb-stuttgart-walter-arbeitet-an-feinjustierung\/","title":{"rendered":"VfB Stuttgart: Walter arbeitet an Feinjustierung"},"content":{"rendered":"<p>Die Taktik von VfB-Trainer Tim Walter, den Ball in den eigenen Reihen zu halten und dann in die Offensive zu gehen, funktioniert der Statistik nach. 70% Ballbesitzquote und 90% gelungene P\u00e4sse stehen f\u00fcr den VfB nach vier Spieltagen zu Buche. Allerdings vergab der VfB noch zu viele Chancen im Torabschluss.<br \/>\n<br \/>Das soll sich \u00e4ndern. Walter fordert mehr Konsequenz im Abschluss und sieht sich auf dem richtigen Weg: \u0084Nun geht es darum, noch feiner, genauer und konsequenter zu werden. Wir brauchen vorne einfach noch den Punch. Ich muss das Tor machen wollen\u0093, \u00e4u\u00dferte sich Walter vor dem Spiel gegen die bislang noch sieglosen Bochumer.<br \/>\n<br \/>Mario Gomez d\u00fcrfte wieder mit dabei sein. \u00dcber einen Einsatz von Marc Oliver Kempf und Nicolas Gonzalez wird wohl erst am Sonntag nach der letzten Trainingseinheit entschieden.<br \/>\n<br \/>Indes verleiht der VfB Stuttgart seinen j\u00fcngsten Neuzugang Nikolas Nartey f\u00fcr eine Saison an den Drittligisten FC Hansa Rostock. Der 19-j\u00e4hrige d\u00e4nische Junioren-Nationalspieler soll dort Spielpraxis sammeln.<br \/>\n(jd)<\/p>\n","protected":false},"excerpt":{"rendered":"<p>Die Taktik von VfB-Trainer Tim Walter, den Ball in den eigenen Reihen zu halten und dann in die Offensive zu&hellip;<\/p>\n","protected":false},"author":2,"featured_media":0,"comment_status":"open","ping_status":"open","sticky":false,"template":"","format":"standard","meta":{"footnotes":""},"categories":[],"tags":[],"class_list":["post-330","post","type-post","status-publish","format-standard","hentry"],"_links":{"self":[{"href":"https:\/\/vfb1.de\/vfb\/wp-json\/wp\/v2\/posts\/330","targetHints":{"allow":["GET"]}}],"collection":[{"href":"https:\/\/vfb1.de\/vfb\/wp-json\/wp\/v2\/posts"}],"about":[{"href":"https:\/\/vfb1.de\/vfb\/wp-json\/wp\/v2\/types\/post"}],"author":[{"embeddable":true,"href":"https:\/\/vfb1.de\/vfb\/wp-json\/wp\/v2\/users\/2"}],"replies":[{"embeddable":true,"href":"https:\/\/vfb1.de\/vfb\/wp-json\/wp\/v2\/comments?post=330"}],"version-history":[{"count":0,"href":"https:\/\/vfb1.de\/vfb\/wp-json\/wp\/v2\/posts\/330\/revisions"}],"wp:attachment":[{"href":"https:\/\/vfb1.de\/vfb\/wp-json\/wp\/v2\/media?parent=330"}],"wp:term":[{"taxonomy":"category","embeddable":true,"href":"https:\/\/vfb1.de\/vfb\/wp-json\/wp\/v2\/categories?post=330"},{"taxonomy":"post_tag","embeddable":true,"href":"https:\/\/vfb1.de\/vfb\/wp-json\/wp\/v2\/tags?post=330"}],"curies":[{"name":"wp","href":"https:\/\/api.w.org\/{rel}","templated":true}]}}