{"id":328,"date":"2019-08-29T00:00:00","date_gmt":"2019-08-29T00:00:00","guid":{"rendered":"https:\/\/vfb1.de\/vfb\/2019\/08\/29\/vfb-stuttgart-meldet-noch-einen-neuzugang\/"},"modified":"2019-08-29T00:00:00","modified_gmt":"2019-08-29T00:00:00","slug":"vfb-stuttgart-meldet-noch-einen-neuzugang","status":"publish","type":"post","link":"https:\/\/vfb1.de\/vfb\/2019\/08\/29\/vfb-stuttgart-meldet-noch-einen-neuzugang\/","title":{"rendered":"VfB Stuttgart meldet noch einen Neuzugang"},"content":{"rendered":"<p>Kurz vor Schlie\u00dfung des Transferfensters wurde \u00fcber einige m\u00f6gliche Abg\u00e4nge beim VfB Stuttgart spekuliert. Stattdessen kauft der VfB weiter ein und vermeldet den n\u00e4chsten Neuzugang.<br \/>\n<br \/>So kommt Nikolas Nartey vom 1. FC K\u00f6ln zum VfB und erh\u00e4lt einen Vertrag bis zum 30. Juni 2023. Der 19-j\u00e4hrige Mittelfeldspieler kam bislang einmal in der Bundesliga, einmal in der 2. Liga und 27 Mal in der Regionalliga West zum Einsatz. Entsprechend wird er vorerst nicht f\u00fcr die erste Mannschaft des VfB in der zweiten Liga spielen, sondern soll an einen anderen Verein ausgeliehen werden, um dort Spielpraxis zu sammeln.<br \/>\n<br \/>VfB-St\u00fcrmer Anastasios Donis trainiert weiterhin individuell. Ein m\u00f6glicher Wechsel zum Serie-A-Club FC Genua hakt laut Angaben einer Stuttgarter Tageszeitung angeblich daran, dass die Italiener zuvor noch einen anderen Spieler verkaufen m\u00fcssen. Ein Leihgesch\u00e4ft mit anschlie\u00dfender Kaufvereinbarung ist daher auch denkbar.<br \/>\n(rf)<\/p>\n","protected":false},"excerpt":{"rendered":"<p>Kurz vor Schlie\u00dfung des Transferfensters wurde \u00fcber einige m\u00f6gliche Abg\u00e4nge beim VfB Stuttgart spekuliert. Stattdessen kauft der VfB weiter ein&hellip;<\/p>\n","protected":false},"author":2,"featured_media":0,"comment_status":"open","ping_status":"open","sticky":false,"template":"","format":"standard","meta":{"footnotes":""},"categories":[],"tags":[],"class_list":["post-328","post","type-post","status-publish","format-standard","hentry"],"_links":{"self":[{"href":"https:\/\/vfb1.de\/vfb\/wp-json\/wp\/v2\/posts\/328","targetHints":{"allow":["GET"]}}],"collection":[{"href":"https:\/\/vfb1.de\/vfb\/wp-json\/wp\/v2\/posts"}],"about":[{"href":"https:\/\/vfb1.de\/vfb\/wp-json\/wp\/v2\/types\/post"}],"author":[{"embeddable":true,"href":"https:\/\/vfb1.de\/vfb\/wp-json\/wp\/v2\/users\/2"}],"replies":[{"embeddable":true,"href":"https:\/\/vfb1.de\/vfb\/wp-json\/wp\/v2\/comments?post=328"}],"version-history":[{"count":0,"href":"https:\/\/vfb1.de\/vfb\/wp-json\/wp\/v2\/posts\/328\/revisions"}],"wp:attachment":[{"href":"https:\/\/vfb1.de\/vfb\/wp-json\/wp\/v2\/media?parent=328"}],"wp:term":[{"taxonomy":"category","embeddable":true,"href":"https:\/\/vfb1.de\/vfb\/wp-json\/wp\/v2\/categories?post=328"},{"taxonomy":"post_tag","embeddable":true,"href":"https:\/\/vfb1.de\/vfb\/wp-json\/wp\/v2\/tags?post=328"}],"curies":[{"name":"wp","href":"https:\/\/api.w.org\/{rel}","templated":true}]}}