{"id":327,"date":"2019-08-28T00:00:00","date_gmt":"2019-08-28T00:00:00","guid":{"rendered":"https:\/\/vfb1.de\/vfb\/2019\/08\/28\/vfb-stuttgart-und-die-ungeklaerte-donis-frage\/"},"modified":"2019-08-28T00:00:00","modified_gmt":"2019-08-28T00:00:00","slug":"vfb-stuttgart-und-die-ungeklaerte-donis-frage","status":"publish","type":"post","link":"https:\/\/vfb1.de\/vfb\/2019\/08\/28\/vfb-stuttgart-und-die-ungeklaerte-donis-frage\/","title":{"rendered":"VfB Stuttgart und die ungekl\u00e4rte Donis-Frage"},"content":{"rendered":"<p>Am kommenden Montag ist es vorbei mit Zu- und Verk\u00e4ufen, denn dann schlie\u00dft sich in der Fu\u00dfballwelt das Transferfenster wieder. VfB-St\u00fcrmer Anastasios Donis reiste am Samstag nach Norditalien, denn ein Transfer zum FC Genua schien m\u00f6glich. Die Donis-Frage ist aber auch nach dessen R\u00fcckkehr ungekl\u00e4rt.<br \/>\n<br \/>Der 22-J\u00e4hrige Grieche kam unter dem neuen VfB-Trainer Tim Walter bislang lediglich zu vier Spielminuten Einsatz. Nach seiner R\u00fcckkehr aus Italien trainierte er alleine im Kraftraum statt mit der Mannschaft. Laut Meldung einer deutschen Tageszeitung soll er acht Millionen Euro Abl\u00f6se einbringen. Nun k\u00f6nnte der VfB vorerst auf Donis sitzen bleiben.<br \/>\n<br \/>F\u00fcr den Argentinier Santiago Ascacibar liegt dem VfB dagegen laut Bericht eines Online-Dienstes ein Angebot aus Spanien vor. Demnach zeigt Betis Sevilla Interesse am Mittelfeldspieler. Ascacibar hat noch einen Vertrag bis zum 30. Juni 2023.<br \/>\n(jd)<\/p>\n","protected":false},"excerpt":{"rendered":"<p>Am kommenden Montag ist es vorbei mit Zu- und Verk\u00e4ufen, denn dann schlie\u00dft sich in der Fu\u00dfballwelt das Transferfenster wieder.&hellip;<\/p>\n","protected":false},"author":2,"featured_media":0,"comment_status":"open","ping_status":"open","sticky":false,"template":"","format":"standard","meta":{"footnotes":""},"categories":[],"tags":[],"class_list":["post-327","post","type-post","status-publish","format-standard","hentry"],"_links":{"self":[{"href":"https:\/\/vfb1.de\/vfb\/wp-json\/wp\/v2\/posts\/327","targetHints":{"allow":["GET"]}}],"collection":[{"href":"https:\/\/vfb1.de\/vfb\/wp-json\/wp\/v2\/posts"}],"about":[{"href":"https:\/\/vfb1.de\/vfb\/wp-json\/wp\/v2\/types\/post"}],"author":[{"embeddable":true,"href":"https:\/\/vfb1.de\/vfb\/wp-json\/wp\/v2\/users\/2"}],"replies":[{"embeddable":true,"href":"https:\/\/vfb1.de\/vfb\/wp-json\/wp\/v2\/comments?post=327"}],"version-history":[{"count":0,"href":"https:\/\/vfb1.de\/vfb\/wp-json\/wp\/v2\/posts\/327\/revisions"}],"wp:attachment":[{"href":"https:\/\/vfb1.de\/vfb\/wp-json\/wp\/v2\/media?parent=327"}],"wp:term":[{"taxonomy":"category","embeddable":true,"href":"https:\/\/vfb1.de\/vfb\/wp-json\/wp\/v2\/categories?post=327"},{"taxonomy":"post_tag","embeddable":true,"href":"https:\/\/vfb1.de\/vfb\/wp-json\/wp\/v2\/tags?post=327"}],"curies":[{"name":"wp","href":"https:\/\/api.w.org\/{rel}","templated":true}]}}