{"id":325,"date":"2019-08-26T00:00:00","date_gmt":"2019-08-26T00:00:00","guid":{"rendered":"https:\/\/vfb1.de\/vfb\/2019\/08\/26\/vfb-stuttgart-trainer-walter-droht-nachspiel\/"},"modified":"2019-08-26T00:00:00","modified_gmt":"2019-08-26T00:00:00","slug":"vfb-stuttgart-trainer-walter-droht-nachspiel","status":"publish","type":"post","link":"https:\/\/vfb1.de\/vfb\/2019\/08\/26\/vfb-stuttgart-trainer-walter-droht-nachspiel\/","title":{"rendered":"VfB Stuttgart: Trainer Walter droht Nachspiel"},"content":{"rendered":"<p>VfB-Trainer Tim Walter nahm kein Blatt vor den Mund, als er nach dem entt\u00e4uschenden 0:0 gegen Erzgebire Aue um die Leistung von Schiedsrichter Felix Zwayer ging. Auch VfB-Sportdirektor Sven Mislintat \u00e4u\u00dferte sich kritisch, wenngleich diplomatischer. F\u00fcr Walter k\u00f6nnten seine \u00c4u\u00dferungen noch ein Nachspiel haben.<br \/>\n<br \/>&quot;Wir werden ein Ermittlungsverfahren einleiten&quot;, wird Anton Nachreiner, Vorsitzender des DFB-Kontrollausschusses, von einem Online-Portal zitiert. Walter soll dazu eine Stellungnahme zu seinen Aussagen \u00fcber die Schiedsrichter abgeben.<br \/>\n<br \/>Ein Kommentar von Walter lautete: &quot;Ich dachte, es pfeift meine Frau. Die h\u00e4lt auch immer zu denen mit den sch\u00f6nsten Trikots.&quot; Walter ficht das nicht an. Im Nachgang bereue er keines seiner Worte und er habe auch niemanden beleidigt:&nbsp; &quot;Wenn ich nicht mehr meine Meinung sagen darf. Ich finde es normal, wenn man seinem Unmut freien Lauf l\u00e4sst.&quot;<br \/>\n(cm)<\/p>\n","protected":false},"excerpt":{"rendered":"<p>VfB-Trainer Tim Walter nahm kein Blatt vor den Mund, als er nach dem entt\u00e4uschenden 0:0 gegen Erzgebire Aue um die&hellip;<\/p>\n","protected":false},"author":2,"featured_media":0,"comment_status":"open","ping_status":"open","sticky":false,"template":"","format":"standard","meta":{"footnotes":""},"categories":[],"tags":[],"class_list":["post-325","post","type-post","status-publish","format-standard","hentry"],"_links":{"self":[{"href":"https:\/\/vfb1.de\/vfb\/wp-json\/wp\/v2\/posts\/325","targetHints":{"allow":["GET"]}}],"collection":[{"href":"https:\/\/vfb1.de\/vfb\/wp-json\/wp\/v2\/posts"}],"about":[{"href":"https:\/\/vfb1.de\/vfb\/wp-json\/wp\/v2\/types\/post"}],"author":[{"embeddable":true,"href":"https:\/\/vfb1.de\/vfb\/wp-json\/wp\/v2\/users\/2"}],"replies":[{"embeddable":true,"href":"https:\/\/vfb1.de\/vfb\/wp-json\/wp\/v2\/comments?post=325"}],"version-history":[{"count":0,"href":"https:\/\/vfb1.de\/vfb\/wp-json\/wp\/v2\/posts\/325\/revisions"}],"wp:attachment":[{"href":"https:\/\/vfb1.de\/vfb\/wp-json\/wp\/v2\/media?parent=325"}],"wp:term":[{"taxonomy":"category","embeddable":true,"href":"https:\/\/vfb1.de\/vfb\/wp-json\/wp\/v2\/categories?post=325"},{"taxonomy":"post_tag","embeddable":true,"href":"https:\/\/vfb1.de\/vfb\/wp-json\/wp\/v2\/tags?post=325"}],"curies":[{"name":"wp","href":"https:\/\/api.w.org\/{rel}","templated":true}]}}