{"id":324,"date":"2019-08-25T00:00:00","date_gmt":"2019-08-25T00:00:00","guid":{"rendered":"https:\/\/vfb1.de\/vfb\/2019\/08\/25\/vfb-stuttgart-walter-wettert-gegen-schiri\/"},"modified":"2019-08-25T00:00:00","modified_gmt":"2019-08-25T00:00:00","slug":"vfb-stuttgart-walter-wettert-gegen-schiri","status":"publish","type":"post","link":"https:\/\/vfb1.de\/vfb\/2019\/08\/25\/vfb-stuttgart-walter-wettert-gegen-schiri\/","title":{"rendered":"VfB Stuttgart: Walter wettert gegen Schiri"},"content":{"rendered":"<p>Nach dem torlosen Remis gegen Erzgebirge Aue hadert der VfB Stuttgart nicht nur mit der eigenen Leistung sondern vor allem mit den Entscheidungen des Schiedsrichters Felix Zwayer. VfB-Trainer Tim Walter fand deutliche Worte.<br \/>\n<br \/>\u0084Ich dachte, es pfeift meine Frau. Die h\u00e4lt auch immer zu denen mit den sch\u00f6nsten Trikots\u0093, wird er von einer Stuttgarter Tageszeitung zitiert. Seine Aussagen bereit er nicht und bleibt seiner geraden Linie treu: \u0084Wenn ich nicht mehr meine Meinung sagen darf, h\u00f6re ich lieber auf. Ich habe niemanden beleidigt, das war doch alles human. Ich finde es normal, wenn man seinem Unmut freien Lauf l\u00e4sst.\u0093<br \/>\n<br \/>Bis zum kommenden Spiel gegen den VfL Bochum sollte sich der VfB jedoch wieder auf seine eigenen St\u00e4rken und Schw\u00e4chen konzentrieren. Mario Gomez scheint nach muskul\u00e4ren Problemen auf dem Weg der Besserung und k\u00f6nnte wieder eingesetzt werden. Bei Kapit\u00e4n Marc Oliver Kempf steht nach wie vor ein Fragezeichen: \u0084Bei Kempfi ist es dagegen ein bisschen z\u00e4h momentan\u0093, so Walter.<br \/>\n(jd)<\/p>\n","protected":false},"excerpt":{"rendered":"<p>Nach dem torlosen Remis gegen Erzgebirge Aue hadert der VfB Stuttgart nicht nur mit der eigenen Leistung sondern vor allem&hellip;<\/p>\n","protected":false},"author":2,"featured_media":0,"comment_status":"open","ping_status":"open","sticky":false,"template":"","format":"standard","meta":{"footnotes":""},"categories":[],"tags":[],"class_list":["post-324","post","type-post","status-publish","format-standard","hentry"],"_links":{"self":[{"href":"https:\/\/vfb1.de\/vfb\/wp-json\/wp\/v2\/posts\/324","targetHints":{"allow":["GET"]}}],"collection":[{"href":"https:\/\/vfb1.de\/vfb\/wp-json\/wp\/v2\/posts"}],"about":[{"href":"https:\/\/vfb1.de\/vfb\/wp-json\/wp\/v2\/types\/post"}],"author":[{"embeddable":true,"href":"https:\/\/vfb1.de\/vfb\/wp-json\/wp\/v2\/users\/2"}],"replies":[{"embeddable":true,"href":"https:\/\/vfb1.de\/vfb\/wp-json\/wp\/v2\/comments?post=324"}],"version-history":[{"count":0,"href":"https:\/\/vfb1.de\/vfb\/wp-json\/wp\/v2\/posts\/324\/revisions"}],"wp:attachment":[{"href":"https:\/\/vfb1.de\/vfb\/wp-json\/wp\/v2\/media?parent=324"}],"wp:term":[{"taxonomy":"category","embeddable":true,"href":"https:\/\/vfb1.de\/vfb\/wp-json\/wp\/v2\/categories?post=324"},{"taxonomy":"post_tag","embeddable":true,"href":"https:\/\/vfb1.de\/vfb\/wp-json\/wp\/v2\/tags?post=324"}],"curies":[{"name":"wp","href":"https:\/\/api.w.org\/{rel}","templated":true}]}}