{"id":320,"date":"2019-08-21T00:00:00","date_gmt":"2019-08-21T00:00:00","guid":{"rendered":"https:\/\/vfb1.de\/vfb\/2019\/08\/21\/vfb-stuttgart-verlaengert-vertrag-mit-talent-mack\/"},"modified":"2019-08-21T00:00:00","modified_gmt":"2019-08-21T00:00:00","slug":"vfb-stuttgart-verlaengert-vertrag-mit-talent-mack","status":"publish","type":"post","link":"https:\/\/vfb1.de\/vfb\/2019\/08\/21\/vfb-stuttgart-verlaengert-vertrag-mit-talent-mack\/","title":{"rendered":"VfB Stuttgart verl\u00e4ngert Vertrag mit Talent Mack"},"content":{"rendered":"<p>Der VfB Stuttgart hat sich nicht nur mit jungen Spielern verst\u00e4rkt, sondern zieht auch den Nachwuchs heran. Der 19-j\u00e4hrige Verteidiger Luca Mack ist einer davon. Der VfB hat seinen Vertrag mit dem Talent nach eigenen Angaben nun vorzeitig bis zum 30. Juni 2022 verl\u00e4ngert.<br \/>\n<br \/>Mack wurde im Nachwuchszentrum des VfB ausgebildet und konnte als Kapit\u00e4n der U19-Mannschaft des VfB in der vergangenen Saison den DFB-Pokal gewinnen. Zudem stand er im Endspiel um die Deutsche Meisterschaft. VfB-Sportvorstand Thomas Hitzlsperger betont, dass Mack langfristig aufgebaut werden soll. Daher komme ein Einsatz in der ersten Mannschaft zum jetzigen Zeitpunkt noch zu fr\u00fch. \u0084Er hat k\u00f6rperlich noch Defizite. Er kann im Training mithalten, aber er braucht noch Zeit. Er ist auf einem guten Weg, aber aktiv in der zweiten Liga zu spielen ist etwas anderes\u0093, \u00e4u\u00dferte sich VfB-Trainer Tim Walter zu dem Jugendspieler.<br \/>\n<br \/>Ob im kommenden Ausw\u00e4rtsspiel gegen Erzgebirge Aue Kapit\u00e4n Marc Oliver Kempf wieder zur Verf\u00fcgung steht, ist noch unklar. Er konnte das Training zwar absolvieren, aber Walter will sich noch nicht festlegen.<br \/>\n(jd)<\/p>\n","protected":false},"excerpt":{"rendered":"<p>Der VfB Stuttgart hat sich nicht nur mit jungen Spielern verst\u00e4rkt, sondern zieht auch den Nachwuchs heran. Der 19-j\u00e4hrige Verteidiger&hellip;<\/p>\n","protected":false},"author":2,"featured_media":0,"comment_status":"open","ping_status":"open","sticky":false,"template":"","format":"standard","meta":{"footnotes":""},"categories":[],"tags":[],"class_list":["post-320","post","type-post","status-publish","format-standard","hentry"],"_links":{"self":[{"href":"https:\/\/vfb1.de\/vfb\/wp-json\/wp\/v2\/posts\/320","targetHints":{"allow":["GET"]}}],"collection":[{"href":"https:\/\/vfb1.de\/vfb\/wp-json\/wp\/v2\/posts"}],"about":[{"href":"https:\/\/vfb1.de\/vfb\/wp-json\/wp\/v2\/types\/post"}],"author":[{"embeddable":true,"href":"https:\/\/vfb1.de\/vfb\/wp-json\/wp\/v2\/users\/2"}],"replies":[{"embeddable":true,"href":"https:\/\/vfb1.de\/vfb\/wp-json\/wp\/v2\/comments?post=320"}],"version-history":[{"count":0,"href":"https:\/\/vfb1.de\/vfb\/wp-json\/wp\/v2\/posts\/320\/revisions"}],"wp:attachment":[{"href":"https:\/\/vfb1.de\/vfb\/wp-json\/wp\/v2\/media?parent=320"}],"wp:term":[{"taxonomy":"category","embeddable":true,"href":"https:\/\/vfb1.de\/vfb\/wp-json\/wp\/v2\/categories?post=320"},{"taxonomy":"post_tag","embeddable":true,"href":"https:\/\/vfb1.de\/vfb\/wp-json\/wp\/v2\/tags?post=320"}],"curies":[{"name":"wp","href":"https:\/\/api.w.org\/{rel}","templated":true}]}}