{"id":318,"date":"2019-08-19T00:00:00","date_gmt":"2019-08-19T00:00:00","guid":{"rendered":"https:\/\/vfb1.de\/vfb\/2019\/08\/19\/vfb-stuttgart-zweimal-gegen-hamburg\/"},"modified":"2019-08-19T00:00:00","modified_gmt":"2019-08-19T00:00:00","slug":"vfb-stuttgart-zweimal-gegen-hamburg","status":"publish","type":"post","link":"https:\/\/vfb1.de\/vfb\/2019\/08\/19\/vfb-stuttgart-zweimal-gegen-hamburg\/","title":{"rendered":"VfB Stuttgart: Zweimal gegen Hamburg"},"content":{"rendered":"<p>Der VfB Stuttgart belegt nach dem dritten Spieltag in der zweiten Liga den zweiten Platz hinter den punktgleichen Hanseaten vom Hamburger SV. Die Auslosung der zweiten Runde zum DFB-Pokal ergab nun, dass der VfB in Hamburg antreten muss \u0096 wenige Tage nachdem der VfB dort sein Ausw\u00e4rtsspiel in der zweiten Liga bestritten haben wird.<br \/>\n<br \/>Das Pokalspiel findet am 29. oder 30. Oktober statt. W\u00e4hrend sich der VfB in der ersten Runde mit 1:0 gegen Hansa Rostock durchsetzen konnte, musste der HSV in die Verl\u00e4ngerung und gewann beim Chemnitzer FC erst nach Elfmeterschie\u00dfen mit 6:5.<br \/>\n<br \/>&quot;Es ist sicherlich eine au\u00dfergew\u00f6hnliche Konstellation, dass wir wenige Tage nach dem Meisterschaftsspiel erneut beim HSV antreten werden.Nichtsdestotrotz wollen wir eine Runde weiterkommen&quot;, kommentierte VfB-Sportdirektor Sven Mislintat die Auslosung. VfB-Trainer Tim Walter&nbsp; fand es schade, dass es wieder kein Heimspiel wurde.<br \/>\n<br \/>In der zweiten Liga trifft der VfB am Freitag auf Erzgebirge Aue, das momentan ohne Trainer dasteht. Cheftrainer Daniel Meyer sowie dessen Assistenten und Bruder Andr\u00e9 Meyer wurden laut Bericht eines Online-Dienstes nach einem vertraulichen Gespr\u00e4ch &quot;vorerst&quot; beurlaubt. Anfang August hatte Daniel Meyer wegen eines Todesfalls in der Familie eine kurze Auszeit genommen. Nach zwei Siegen zum Auftakt in die neue Saison kassierte Aue am vergangenen Spieltag die erste Niederlage.<br \/>\n(cm)<\/p>\n","protected":false},"excerpt":{"rendered":"<p>Der VfB Stuttgart belegt nach dem dritten Spieltag in der zweiten Liga den zweiten Platz hinter den punktgleichen Hanseaten vom&hellip;<\/p>\n","protected":false},"author":2,"featured_media":0,"comment_status":"open","ping_status":"open","sticky":false,"template":"","format":"standard","meta":{"footnotes":""},"categories":[],"tags":[],"class_list":["post-318","post","type-post","status-publish","format-standard","hentry"],"_links":{"self":[{"href":"https:\/\/vfb1.de\/vfb\/wp-json\/wp\/v2\/posts\/318","targetHints":{"allow":["GET"]}}],"collection":[{"href":"https:\/\/vfb1.de\/vfb\/wp-json\/wp\/v2\/posts"}],"about":[{"href":"https:\/\/vfb1.de\/vfb\/wp-json\/wp\/v2\/types\/post"}],"author":[{"embeddable":true,"href":"https:\/\/vfb1.de\/vfb\/wp-json\/wp\/v2\/users\/2"}],"replies":[{"embeddable":true,"href":"https:\/\/vfb1.de\/vfb\/wp-json\/wp\/v2\/comments?post=318"}],"version-history":[{"count":0,"href":"https:\/\/vfb1.de\/vfb\/wp-json\/wp\/v2\/posts\/318\/revisions"}],"wp:attachment":[{"href":"https:\/\/vfb1.de\/vfb\/wp-json\/wp\/v2\/media?parent=318"}],"wp:term":[{"taxonomy":"category","embeddable":true,"href":"https:\/\/vfb1.de\/vfb\/wp-json\/wp\/v2\/categories?post=318"},{"taxonomy":"post_tag","embeddable":true,"href":"https:\/\/vfb1.de\/vfb\/wp-json\/wp\/v2\/tags?post=318"}],"curies":[{"name":"wp","href":"https:\/\/api.w.org\/{rel}","templated":true}]}}