{"id":317,"date":"2019-08-18T00:00:00","date_gmt":"2019-08-18T00:00:00","guid":{"rendered":"https:\/\/vfb1.de\/vfb\/2019\/08\/18\/vfb-stuttgart-steigerung-noetig\/"},"modified":"2019-08-18T00:00:00","modified_gmt":"2019-08-18T00:00:00","slug":"vfb-stuttgart-steigerung-noetig","status":"publish","type":"post","link":"https:\/\/vfb1.de\/vfb\/2019\/08\/18\/vfb-stuttgart-steigerung-noetig\/","title":{"rendered":"VfB Stuttgart: Steigerung n\u00f6tig"},"content":{"rendered":"<p>In letzter Minute gelang dem VfB Stuttgart der Siegtreffer gegen eine tief stehende Mannschaft von St. Pauli. Entsprechend gemischt war das Fazit, das Spieler und Trainer nach der Partie zogen.<br \/>\n<br \/>VfB-Trainer Tim Walter wei\u00df um die alten Probleme des VfB, selbst das Spiel zu machen. \u0084Wir m\u00fcssen uns verbessern, wir m\u00fcssen mehr Tempo rein bringen, wir sind noch nicht da, wo wir sein wollen\u0093, \u00e4u\u00dferte er sich nach dem knappen Zittersieg. VfB-Routinier Holger Badstuber war auch nicht zufrieden: \u0084Wenn Du hinten liegst, dann musst du als Mannschaft mehr tun. In der ersten Halbzeit haben wir es nicht gut gemacht, nach der Pause haben wir dann gebissen und die wichtigen Zweik\u00e4mpfe gewonnen.\u0093<br \/>\n<br \/>Kapit\u00e4n Marc Oliver Kempf sah Licht und Schatten: \u0084In der ersten H\u00e4lfte haben wir es nicht geschafft, unser Spiel durchzudr\u00fccken. In der zweiten H\u00e4lfte haben wir den Gegner besser zum Laufen gebracht und haben uns dadurch R\u00e4ume geschaffen.\u0093 VfB-Sportdirektor Sven Mislintat sieht in dem Last-Minute-Sieg eine m\u00f6gliche Signalwirkung f\u00fcr die weitere Saison: \u0084Ich glaube, dass das ganz, ganz, ganz wichtige drei Punkte waren. Und zwar, weil sie nicht mit spielerischer \u00dcberlegenheit und Klasse herausgespielt wurden, sondern mit Kampf, Leidenschaft und Herz. Wenn wir Spiele auch \u00fcber diesen Weg gewinnen k\u00f6nnen, dann haben wir in der kurzen Zeit vieles richtig gemacht.\u0093<br \/>\n(rf)<\/p>\n","protected":false},"excerpt":{"rendered":"<p>In letzter Minute gelang dem VfB Stuttgart der Siegtreffer gegen eine tief stehende Mannschaft von St. Pauli. Entsprechend gemischt war&hellip;<\/p>\n","protected":false},"author":2,"featured_media":0,"comment_status":"open","ping_status":"open","sticky":false,"template":"","format":"standard","meta":{"footnotes":""},"categories":[],"tags":[],"class_list":["post-317","post","type-post","status-publish","format-standard","hentry"],"_links":{"self":[{"href":"https:\/\/vfb1.de\/vfb\/wp-json\/wp\/v2\/posts\/317","targetHints":{"allow":["GET"]}}],"collection":[{"href":"https:\/\/vfb1.de\/vfb\/wp-json\/wp\/v2\/posts"}],"about":[{"href":"https:\/\/vfb1.de\/vfb\/wp-json\/wp\/v2\/types\/post"}],"author":[{"embeddable":true,"href":"https:\/\/vfb1.de\/vfb\/wp-json\/wp\/v2\/users\/2"}],"replies":[{"embeddable":true,"href":"https:\/\/vfb1.de\/vfb\/wp-json\/wp\/v2\/comments?post=317"}],"version-history":[{"count":0,"href":"https:\/\/vfb1.de\/vfb\/wp-json\/wp\/v2\/posts\/317\/revisions"}],"wp:attachment":[{"href":"https:\/\/vfb1.de\/vfb\/wp-json\/wp\/v2\/media?parent=317"}],"wp:term":[{"taxonomy":"category","embeddable":true,"href":"https:\/\/vfb1.de\/vfb\/wp-json\/wp\/v2\/categories?post=317"},{"taxonomy":"post_tag","embeddable":true,"href":"https:\/\/vfb1.de\/vfb\/wp-json\/wp\/v2\/tags?post=317"}],"curies":[{"name":"wp","href":"https:\/\/api.w.org\/{rel}","templated":true}]}}