{"id":3123,"date":"2023-07-05T14:58:06","date_gmt":"2023-07-05T14:58:06","guid":{"rendered":"https:\/\/vfb1.de\/vfb\/?p=3123"},"modified":"2023-07-05T14:58:07","modified_gmt":"2023-07-05T14:58:07","slug":"vfb-stuttgart-sucht-sportvorstand","status":"publish","type":"post","link":"https:\/\/vfb1.de\/vfb\/2023\/07\/05\/vfb-stuttgart-sucht-sportvorstand\/","title":{"rendered":"VfB Stuttgart sucht Sportvorstand"},"content":{"rendered":"\n<p>Der Kader des VfB Stuttgart sei so gut, dass man mit dem Abstieg nichts zu tun haben werde. So hie\u00df es in den vergangenen Spielzeiten vor Beginn der Saison. Und am Ende schaffte es der VfB mit Ach und Krach, jeweils die Klasse zu erhalten. Warum das so ist, das sollte eine Analyse erbringen.<\/p>\n\n\n\n<p>\u201eIm Kern geht es darum, wie wir unsere Defizite in puncto Leistungskonstanz, Effektivit\u00e4t und Widerstandsf\u00e4higkeit abbauen \u2013 alles Merkmale, die auch mit der mannschaftlichen Reife zu tun haben. Dass dies unsere drei Hauptbaustellen sind, ist keine neue Erkenntnis\u201c, \u00e4u\u00dferte sich VfB-Sportdirektor Fabian Wohlgemuth. Der VfB m\u00fcsse daher an der Taktik und Kaderplanung verst\u00e4rkt arbeiten.<\/p>\n\n\n\n<p>\u201eWir wollen mehr Selbstorganisation auf dem Platz, eine Mannschaft, der es best\u00e4ndiger gelingt, am eigenen Limit zu spielen\u201c, so Wohlgemuth weiter. So soll es im Bereich Scouting Verst\u00e4rkung durch Thomas Henning aus Paderborn, Andreas Herrmann von Manchester United) und Stefan Brandenburger vom VfL Wolfsburg geben. Aufgrund der limitierten finanziellen M\u00f6glichkeiten sollen diese \u201ean kreativen L\u00f6sungen arbeiten. Zuk\u00fcnftig wollen wir die im Kader vorhandene Qualit\u00e4t l\u00e4nger halten und gleichzeitig das Risiko bei eigenen Verpflichtungen herunterfahren.\u201c<\/p>\n\n\n\n<p>VfB-Vorstandsvorsitzender Alexander Wehrle betont, dass man Spieler weiterhin ausbilden und verkaufen m\u00f6chte, \u201ewenn die wirtschaftlichen Rahmenbedingungen f\u00fcr uns attraktiv sind.\u201c Gleichzeitig sollen die Talente aus den eigenen Reihen langfristig an den Verein gebunden und in die Profimannschaft integriert werden.<br>Au\u00dferdem sucht der VfB nach einem Sportvorstand. \u201eTrotz des gegl\u00fcckten Klassenerhalts bin ich davon \u00fcberzeugt, dass wir uns kein \u201eWeiter so\u201c beim VfB leisten k\u00f6nnen und unsere Situation eine andere Struktur erforderlich macht\u201c, begr\u00fcndet Wehrle diesen Schritt.<\/p>\n\n\n\n<p>(cm)<\/p>\n","protected":false},"excerpt":{"rendered":"<p>Der Kader des VfB Stuttgart sei so gut, dass man mit dem Abstieg nichts zu tun haben werde. So hie\u00df&hellip;<\/p>\n","protected":false},"author":2,"featured_media":0,"comment_status":"open","ping_status":"open","sticky":false,"template":"","format":"standard","meta":{"footnotes":""},"categories":[1],"tags":[],"class_list":["post-3123","post","type-post","status-publish","format-standard","hentry","category-uncategorized"],"_links":{"self":[{"href":"https:\/\/vfb1.de\/vfb\/wp-json\/wp\/v2\/posts\/3123","targetHints":{"allow":["GET"]}}],"collection":[{"href":"https:\/\/vfb1.de\/vfb\/wp-json\/wp\/v2\/posts"}],"about":[{"href":"https:\/\/vfb1.de\/vfb\/wp-json\/wp\/v2\/types\/post"}],"author":[{"embeddable":true,"href":"https:\/\/vfb1.de\/vfb\/wp-json\/wp\/v2\/users\/2"}],"replies":[{"embeddable":true,"href":"https:\/\/vfb1.de\/vfb\/wp-json\/wp\/v2\/comments?post=3123"}],"version-history":[{"count":1,"href":"https:\/\/vfb1.de\/vfb\/wp-json\/wp\/v2\/posts\/3123\/revisions"}],"predecessor-version":[{"id":3124,"href":"https:\/\/vfb1.de\/vfb\/wp-json\/wp\/v2\/posts\/3123\/revisions\/3124"}],"wp:attachment":[{"href":"https:\/\/vfb1.de\/vfb\/wp-json\/wp\/v2\/media?parent=3123"}],"wp:term":[{"taxonomy":"category","embeddable":true,"href":"https:\/\/vfb1.de\/vfb\/wp-json\/wp\/v2\/categories?post=3123"},{"taxonomy":"post_tag","embeddable":true,"href":"https:\/\/vfb1.de\/vfb\/wp-json\/wp\/v2\/tags?post=3123"}],"curies":[{"name":"wp","href":"https:\/\/api.w.org\/{rel}","templated":true}]}}