{"id":3119,"date":"2023-07-03T16:24:10","date_gmt":"2023-07-03T16:24:10","guid":{"rendered":"https:\/\/vfb1.de\/vfb\/?p=3119"},"modified":"2023-07-03T16:24:11","modified_gmt":"2023-07-03T16:24:11","slug":"vfb-stuttgart-hohe-geldstrafe-zu-saisonauftakt","status":"publish","type":"post","link":"https:\/\/vfb1.de\/vfb\/2023\/07\/03\/vfb-stuttgart-hohe-geldstrafe-zu-saisonauftakt\/","title":{"rendered":"VfB Stuttgart: Hohe Geldstrafe zu Saisonauftakt"},"content":{"rendered":"\n<p>Die neue Saison hat noch gar nicht begonnen, da muss der VfB Stuttgart bereits tief in die Tasche greifen. Nicht wegen eines neuen Spielers, sondern weil das DFB-Sportgericht &#8222;wegen zweier F\u00e4lle eines unsportlichen Verhaltens seiner Anh\u00e4nger&#8220; eine Geldstrafe in H\u00f6he von insgesamt 249.000 Euro verh\u00e4ngt hat.<br><br>Diese bezieht sich auf das Heimspiel am 4. M\u00e4rz gegen den FC Bayern M\u00fcnchen, als Pyrotechnik auf den R\u00e4ngen gez\u00fcndet wurde. Einen Monat sp\u00e4ter wiederholte sich das in noch gr\u00f6\u00dferem Ausma\u00df im DFB-Pokalspiel gegen N\u00fcrnberg. Der VfB akzeptiert das Urteil.<br><br>Die Spieler starten indes am 6. Juli in die Vorbereitung auf die neue Saison mit dem ersten \u00f6ffentlichen Mannschaftstraining. Nicht mit von der Partie wird Matej Maglica sein. Laut Angaben des Vereins wird der 24-J\u00e4hrige f\u00fcr die kommende Saison an Bundesliga-Aufsteiger Darmstadt 98 ausgeliehen. In den vergangenen eineinhalb Jahren war der Innenverteidiger an den FC St. Gallen ausgeliehen. In Darmstadt soll Maglica weiter Spielpraxis sammeln.<\/p>\n\n\n\n<p>(cm)<\/p>\n","protected":false},"excerpt":{"rendered":"<p>Die neue Saison hat noch gar nicht begonnen, da muss der VfB Stuttgart bereits tief in die Tasche greifen. Nicht&hellip;<\/p>\n","protected":false},"author":2,"featured_media":0,"comment_status":"open","ping_status":"open","sticky":false,"template":"","format":"standard","meta":{"footnotes":""},"categories":[1],"tags":[],"class_list":["post-3119","post","type-post","status-publish","format-standard","hentry","category-uncategorized"],"_links":{"self":[{"href":"https:\/\/vfb1.de\/vfb\/wp-json\/wp\/v2\/posts\/3119","targetHints":{"allow":["GET"]}}],"collection":[{"href":"https:\/\/vfb1.de\/vfb\/wp-json\/wp\/v2\/posts"}],"about":[{"href":"https:\/\/vfb1.de\/vfb\/wp-json\/wp\/v2\/types\/post"}],"author":[{"embeddable":true,"href":"https:\/\/vfb1.de\/vfb\/wp-json\/wp\/v2\/users\/2"}],"replies":[{"embeddable":true,"href":"https:\/\/vfb1.de\/vfb\/wp-json\/wp\/v2\/comments?post=3119"}],"version-history":[{"count":1,"href":"https:\/\/vfb1.de\/vfb\/wp-json\/wp\/v2\/posts\/3119\/revisions"}],"predecessor-version":[{"id":3120,"href":"https:\/\/vfb1.de\/vfb\/wp-json\/wp\/v2\/posts\/3119\/revisions\/3120"}],"wp:attachment":[{"href":"https:\/\/vfb1.de\/vfb\/wp-json\/wp\/v2\/media?parent=3119"}],"wp:term":[{"taxonomy":"category","embeddable":true,"href":"https:\/\/vfb1.de\/vfb\/wp-json\/wp\/v2\/categories?post=3119"},{"taxonomy":"post_tag","embeddable":true,"href":"https:\/\/vfb1.de\/vfb\/wp-json\/wp\/v2\/tags?post=3119"}],"curies":[{"name":"wp","href":"https:\/\/api.w.org\/{rel}","templated":true}]}}