{"id":3117,"date":"2023-07-02T13:40:10","date_gmt":"2023-07-02T13:40:10","guid":{"rendered":"https:\/\/vfb1.de\/vfb\/?p=3117"},"modified":"2023-07-02T13:40:11","modified_gmt":"2023-07-02T13:40:11","slug":"vfb-stuttgart-mercedes-benz-arena-ist-geschichte","status":"publish","type":"post","link":"https:\/\/vfb1.de\/vfb\/2023\/07\/02\/vfb-stuttgart-mercedes-benz-arena-ist-geschichte\/","title":{"rendered":"VfB Stuttgart: Mercedes-Benz Arena ist Geschichte"},"content":{"rendered":"\n<p>Mit dem Einstieg des Autobauers Porsche \u00fcber dessen Sub-Unternehmen MHP sind auch die Namensrechte am Stadion verbunden. Die Mercedes-Benz Arena ist damit seit dem 1. Juli Geschichte. Da die Buchstaben noch nicht demontiert werden k\u00f6nnen, wurden sie mittlerweile verh\u00fcllt. Danach erfolgt die Umbenennung in die &#8222;MHP Arena&#8220;.<br><br>Am Neckar ist man dies schon gew\u00f6hnt, denn das Stadion des VfB Stuttgart trug im Laufe seines Bestehens bereits zahlreiche Namen. Erbaut wurde es im Jahr 1933 als &#8222;Adolf-Hitler-Kampfbahn&#8220; zur Austragung von Propaganda-Veranstaltungen des nationalsozialistischen Regimes. Nach Ende des Zweiten Weltkrieges wurde es unter den amerikanischen Besatzern in &#8222;Century Stadion&#8220; und 1949 in &#8222;Neckarstadion&#8220; umbenannt.<br><br>Ab dieser Zeit wurde es zunehmend f\u00fcr Sport- und Kulturveranstaltungen genutzt und zur Heimat des VfB Stuttgart. 1993 erfolgte erneut eine Namens\u00e4nderung in &#8222;Gottlieb-Daimler Stadion&#8220;. 15 Jahre sp\u00e4ter schlug sich die Partnerschaft zwischen dem VfB und dem Automobilhersteller Mercedes-Benz in der Namensgebung \u201eMercedes-Benz Arena\u201c nieder.<br><br>Leichtathletikfans trauerten \u00fcber den Umbau der Arena in ein reines Fu\u00dfballstadion ohne Laufbahn. Durch den aktuellen Umbau soll die Arena auch unter Umweltaspekten fit f\u00fcr die kommende Europameisterschaft gemacht werden.<\/p>\n\n\n\n<p>(cm)<\/p>\n","protected":false},"excerpt":{"rendered":"<p>Mit dem Einstieg des Autobauers Porsche \u00fcber dessen Sub-Unternehmen MHP sind auch die Namensrechte am Stadion verbunden. Die Mercedes-Benz Arena&hellip;<\/p>\n","protected":false},"author":2,"featured_media":0,"comment_status":"open","ping_status":"open","sticky":false,"template":"","format":"standard","meta":{"footnotes":""},"categories":[1],"tags":[],"class_list":["post-3117","post","type-post","status-publish","format-standard","hentry","category-uncategorized"],"_links":{"self":[{"href":"https:\/\/vfb1.de\/vfb\/wp-json\/wp\/v2\/posts\/3117","targetHints":{"allow":["GET"]}}],"collection":[{"href":"https:\/\/vfb1.de\/vfb\/wp-json\/wp\/v2\/posts"}],"about":[{"href":"https:\/\/vfb1.de\/vfb\/wp-json\/wp\/v2\/types\/post"}],"author":[{"embeddable":true,"href":"https:\/\/vfb1.de\/vfb\/wp-json\/wp\/v2\/users\/2"}],"replies":[{"embeddable":true,"href":"https:\/\/vfb1.de\/vfb\/wp-json\/wp\/v2\/comments?post=3117"}],"version-history":[{"count":1,"href":"https:\/\/vfb1.de\/vfb\/wp-json\/wp\/v2\/posts\/3117\/revisions"}],"predecessor-version":[{"id":3118,"href":"https:\/\/vfb1.de\/vfb\/wp-json\/wp\/v2\/posts\/3117\/revisions\/3118"}],"wp:attachment":[{"href":"https:\/\/vfb1.de\/vfb\/wp-json\/wp\/v2\/media?parent=3117"}],"wp:term":[{"taxonomy":"category","embeddable":true,"href":"https:\/\/vfb1.de\/vfb\/wp-json\/wp\/v2\/categories?post=3117"},{"taxonomy":"post_tag","embeddable":true,"href":"https:\/\/vfb1.de\/vfb\/wp-json\/wp\/v2\/tags?post=3117"}],"curies":[{"name":"wp","href":"https:\/\/api.w.org\/{rel}","templated":true}]}}