{"id":3115,"date":"2023-07-01T13:52:42","date_gmt":"2023-07-01T13:52:42","guid":{"rendered":"https:\/\/vfb1.de\/vfb\/?p=3115"},"modified":"2023-07-01T13:52:43","modified_gmt":"2023-07-01T13:52:43","slug":"vfb-stuttgart-dias-auf-dem-abstellgleis","status":"publish","type":"post","link":"https:\/\/vfb1.de\/vfb\/2023\/07\/01\/vfb-stuttgart-dias-auf-dem-abstellgleis\/","title":{"rendered":"VfB Stuttgart: Dias auf dem Abstellgleis"},"content":{"rendered":"\n<p>Wer wird den VfB Stuttgart noch vor der neuen Bundesligasaison verlassen und wer wird neu verpflichtet? Bei einigen Spielern scheint ein verkauf ausgeschlossen. Einige andere jedoch k\u00f6nnten eher heute als morgen einen neuen Verein finden. Zu den Wechselkandidaten z\u00e4hlt auch Gil Dias.<br><br>Der 26-J\u00e4hrige kam von Benfica Lissabon, um den VfB vor dem Abstieg zu retten. Unter Bruno Labbadia kam er auch h\u00e4ufig in der Startformation zum Einsatz und erzielte in acht Pflichtspielen zwei Treffer. Unter Sebastian Hoene\u00df spielte er jedoch keine Rolle mehr und der VfB scheint auch nicht mehr mit ihm zu planen.<br><br>Anders liegt der Fall bei der 20-j\u00e4hrigen St\u00fcrmerhoffnung Thomas Kastanaras, der aus den eigenen Reigen aufstieg, sich jedoch nicht durchsetzen konnte. Kurz vor Saisonende bremste ihn ein Bruch des Mittelfu\u00dfes aus. Nach der Operation bewegt er sich noch immer mit Kr\u00fccken voran. Daher w\u00e4re er derzeit wohl nicht zu verkaufen. Laut Bericht eines Branchendienstes setzt der VfB aber ohnehin weiter auf das Offensivtalent.<br><br>Sollte ein Club f\u00fcr Dias gefunden werden, k\u00f6nnte der VfB den Erl\u00f6s in den Schweizer Darian Males investieren. Angeblich sei der VfB an dem 22-J\u00e4hrigen interessiert, der zuletzt von Inter Mailand an den FC Basel ausgeliehen war und \u00fcber eine Ausstiegsklausel \u00fcber rund vier Millionen Euro verf\u00fcgen soll.<\/p>\n\n\n\n<p>(rf)<\/p>\n","protected":false},"excerpt":{"rendered":"<p>Wer wird den VfB Stuttgart noch vor der neuen Bundesligasaison verlassen und wer wird neu verpflichtet? Bei einigen Spielern scheint&hellip;<\/p>\n","protected":false},"author":2,"featured_media":0,"comment_status":"open","ping_status":"open","sticky":false,"template":"","format":"standard","meta":{"footnotes":""},"categories":[1],"tags":[],"class_list":["post-3115","post","type-post","status-publish","format-standard","hentry","category-uncategorized"],"_links":{"self":[{"href":"https:\/\/vfb1.de\/vfb\/wp-json\/wp\/v2\/posts\/3115","targetHints":{"allow":["GET"]}}],"collection":[{"href":"https:\/\/vfb1.de\/vfb\/wp-json\/wp\/v2\/posts"}],"about":[{"href":"https:\/\/vfb1.de\/vfb\/wp-json\/wp\/v2\/types\/post"}],"author":[{"embeddable":true,"href":"https:\/\/vfb1.de\/vfb\/wp-json\/wp\/v2\/users\/2"}],"replies":[{"embeddable":true,"href":"https:\/\/vfb1.de\/vfb\/wp-json\/wp\/v2\/comments?post=3115"}],"version-history":[{"count":1,"href":"https:\/\/vfb1.de\/vfb\/wp-json\/wp\/v2\/posts\/3115\/revisions"}],"predecessor-version":[{"id":3116,"href":"https:\/\/vfb1.de\/vfb\/wp-json\/wp\/v2\/posts\/3115\/revisions\/3116"}],"wp:attachment":[{"href":"https:\/\/vfb1.de\/vfb\/wp-json\/wp\/v2\/media?parent=3115"}],"wp:term":[{"taxonomy":"category","embeddable":true,"href":"https:\/\/vfb1.de\/vfb\/wp-json\/wp\/v2\/categories?post=3115"},{"taxonomy":"post_tag","embeddable":true,"href":"https:\/\/vfb1.de\/vfb\/wp-json\/wp\/v2\/tags?post=3115"}],"curies":[{"name":"wp","href":"https:\/\/api.w.org\/{rel}","templated":true}]}}