{"id":3110,"date":"2023-06-29T15:53:03","date_gmt":"2023-06-29T15:53:03","guid":{"rendered":"https:\/\/vfb1.de\/vfb\/?p=3110"},"modified":"2023-06-29T15:53:03","modified_gmt":"2023-06-29T15:53:03","slug":"vfb-stuttgart-porsche-kommt-mercedes-bleibt","status":"publish","type":"post","link":"https:\/\/vfb1.de\/vfb\/2023\/06\/29\/vfb-stuttgart-porsche-kommt-mercedes-bleibt\/","title":{"rendered":"VfB Stuttgart: Porsche kommt, Mercedes bleibt"},"content":{"rendered":"\n<p>Lange hat der VfB Stuttgart nach einem weiteren gro\u00dfen Investor gesucht. Nun scheint er im zweiten gro\u00dfen Autobauer der Region f\u00fcndig geworden zu sein. Gleichzeitig soll sich Mercedes-Benz weiter engagieren, wird aber auf das Namensrecht an der Arena verzichten.<br><br>Laut Meldung des Vereins soll Porsche, vertreten durch das Management- und IT-Beratungsunternehmen MHP, umfangreiche Sponsoring-Pakete f\u00fcr die Dauer von zehn Jahren und in einer H\u00f6he von mehr als 100 Millionen Euro \u00fcbernehmen, was die Namensrechte am Stadion beinhaltet. Aus der Mercedes-Benz Arena d\u00fcrfte dann in naher Zukunft die MHPArena werden. Eine entsprechende Absichtserkl\u00e4rung wurde bereits unterzeichnet. Porsche soll Partner des Fu\u00dfballnachwuchses und der Fu\u00dfballschule werden und sich an der VfB Stuttgart AG beteiligen. Mercedes-Benz bleibt dagegen Ankerinvestor, Exklusivpartner und Mobilit\u00e4tspartner des VfB.<br><br>\u201eHier kommt die Champions League der Investoren unter einem Dach zusammen\u201c, lautete der vollmundige Kommentar des VfB-Pr\u00e4sidenten Claus Vogt. Ob der sportliche Erfolg demn\u00e4chst auch in diese Sph\u00e4ren f\u00fchrt, darf hingegen bezweifelt werden.<br><br>\u201eSie erweitern unseren Handlungsspielraum, wobei f\u00fcr alle Beteiligten klar ist, dass f\u00fcr den VfB vorrangig die wirtschaftliche Stabilisierung nach der existenziell bedrohlichen Corona-Zeit sowie Investitionen in strategische Handlungsfelder im Vordergrund stehen\u201c, betont VfB-Vorstandsvorsitzender Alexander Wehrle.<\/p>\n\n\n\n<p>(cm)<\/p>\n","protected":false},"excerpt":{"rendered":"<p>Lange hat der VfB Stuttgart nach einem weiteren gro\u00dfen Investor gesucht. Nun scheint er im zweiten gro\u00dfen Autobauer der Region&hellip;<\/p>\n","protected":false},"author":2,"featured_media":0,"comment_status":"open","ping_status":"open","sticky":false,"template":"","format":"standard","meta":{"footnotes":""},"categories":[1],"tags":[],"class_list":["post-3110","post","type-post","status-publish","format-standard","hentry","category-uncategorized"],"_links":{"self":[{"href":"https:\/\/vfb1.de\/vfb\/wp-json\/wp\/v2\/posts\/3110","targetHints":{"allow":["GET"]}}],"collection":[{"href":"https:\/\/vfb1.de\/vfb\/wp-json\/wp\/v2\/posts"}],"about":[{"href":"https:\/\/vfb1.de\/vfb\/wp-json\/wp\/v2\/types\/post"}],"author":[{"embeddable":true,"href":"https:\/\/vfb1.de\/vfb\/wp-json\/wp\/v2\/users\/2"}],"replies":[{"embeddable":true,"href":"https:\/\/vfb1.de\/vfb\/wp-json\/wp\/v2\/comments?post=3110"}],"version-history":[{"count":1,"href":"https:\/\/vfb1.de\/vfb\/wp-json\/wp\/v2\/posts\/3110\/revisions"}],"predecessor-version":[{"id":3111,"href":"https:\/\/vfb1.de\/vfb\/wp-json\/wp\/v2\/posts\/3110\/revisions\/3111"}],"wp:attachment":[{"href":"https:\/\/vfb1.de\/vfb\/wp-json\/wp\/v2\/media?parent=3110"}],"wp:term":[{"taxonomy":"category","embeddable":true,"href":"https:\/\/vfb1.de\/vfb\/wp-json\/wp\/v2\/categories?post=3110"},{"taxonomy":"post_tag","embeddable":true,"href":"https:\/\/vfb1.de\/vfb\/wp-json\/wp\/v2\/tags?post=3110"}],"curies":[{"name":"wp","href":"https:\/\/api.w.org\/{rel}","templated":true}]}}