{"id":3106,"date":"2023-06-23T13:38:00","date_gmt":"2023-06-23T13:38:00","guid":{"rendered":"https:\/\/vfb1.de\/vfb\/?p=3106"},"modified":"2023-06-23T13:38:01","modified_gmt":"2023-06-23T13:38:01","slug":"vfb-stuttgart-neue-mode-fuer-guten-zweck","status":"publish","type":"post","link":"https:\/\/vfb1.de\/vfb\/2023\/06\/23\/vfb-stuttgart-neue-mode-fuer-guten-zweck\/","title":{"rendered":"VfB Stuttgart: Neue Mode f\u00fcr guten Zweck"},"content":{"rendered":"\n<p>Der VfB Stuttgart bringt eine limitierte Kollektion heraus, deren Verkaufserl\u00f6s Hilfsprojekten von STELP e.V. zugute kommen soll. Der Verein unterst\u00fctzt unter anderem Kinder und Jugendliche in deren Heimat wie zum Beispiel in der Ukraine.<br>Der Stuttgarter Designer Daniel Samy El Menshawi entwarf die Kollektion laut Angaben des Vereins. Die sechs St\u00fccke der Kollektion sind in St\u00fcckzahlen von 100 bis 250 im Onlineshop des VfB und im VfB Fan-Center erh\u00e4ltlich.<br><br>VfB-Vorstandsvorsitzender Alexander Wehrle erkl\u00e4rt: \u201eSTELP ist eine bew\u00e4hrte und verl\u00e4ssliche Organisation, vor deren Engagement wir gro\u00dfen Respekt haben. Deshalb unterst\u00fctzen wir STELP schon l\u00e4nger \u00fcber VfBfairplay und versuchen so, auch in Krisengebieten, weit entfernt von Stuttgart, einen positiven Beitrag zu leisten. Der VfB verzichtet mit \u00dcberzeugung auf jeden eigenen monet\u00e4ren Vorteil.\u201c<br><br>Serkan Eren, Gr\u00fcnder von STELP e.V., wird wie folgt zitiert: \u201eDank des gemeinsamen Projekts k\u00f6nnen wir unz\u00e4hligen Kindern in unseren Projekten in Nepal, der Ukraine, im Libanon und in Griechenland helfen. Gemeinsam k\u00f6nnen wir ihnen zu einem besseren Leben verhelfen. Besonders am Herzen liegt mir unser Projekt in der Ukraine. Dort finanzieren wir f\u00fcr traumatisierte Kinder, die Bomben- und Raketenangriffe erlebt haben, psychologische Unterst\u00fctzung.\u201c<br><br>Der VfB selbst beginnt Anfang Juli mit seiner Vorbereitung auf die neue Saison. Das letzte Testspiel im Rahmen der Vorbereitung bestreitet der VfB am 5. August im englischen Sheffield gegen den Premier-League-Aufsteiger Sheffield United.<\/p>\n\n\n\n<p>(cm)<\/p>\n","protected":false},"excerpt":{"rendered":"<p>Der VfB Stuttgart bringt eine limitierte Kollektion heraus, deren Verkaufserl\u00f6s Hilfsprojekten von STELP e.V. zugute kommen soll. Der Verein unterst\u00fctzt&hellip;<\/p>\n","protected":false},"author":2,"featured_media":0,"comment_status":"open","ping_status":"open","sticky":false,"template":"","format":"standard","meta":{"footnotes":""},"categories":[1],"tags":[],"class_list":["post-3106","post","type-post","status-publish","format-standard","hentry","category-uncategorized"],"_links":{"self":[{"href":"https:\/\/vfb1.de\/vfb\/wp-json\/wp\/v2\/posts\/3106","targetHints":{"allow":["GET"]}}],"collection":[{"href":"https:\/\/vfb1.de\/vfb\/wp-json\/wp\/v2\/posts"}],"about":[{"href":"https:\/\/vfb1.de\/vfb\/wp-json\/wp\/v2\/types\/post"}],"author":[{"embeddable":true,"href":"https:\/\/vfb1.de\/vfb\/wp-json\/wp\/v2\/users\/2"}],"replies":[{"embeddable":true,"href":"https:\/\/vfb1.de\/vfb\/wp-json\/wp\/v2\/comments?post=3106"}],"version-history":[{"count":1,"href":"https:\/\/vfb1.de\/vfb\/wp-json\/wp\/v2\/posts\/3106\/revisions"}],"predecessor-version":[{"id":3107,"href":"https:\/\/vfb1.de\/vfb\/wp-json\/wp\/v2\/posts\/3106\/revisions\/3107"}],"wp:attachment":[{"href":"https:\/\/vfb1.de\/vfb\/wp-json\/wp\/v2\/media?parent=3106"}],"wp:term":[{"taxonomy":"category","embeddable":true,"href":"https:\/\/vfb1.de\/vfb\/wp-json\/wp\/v2\/categories?post=3106"},{"taxonomy":"post_tag","embeddable":true,"href":"https:\/\/vfb1.de\/vfb\/wp-json\/wp\/v2\/tags?post=3106"}],"curies":[{"name":"wp","href":"https:\/\/api.w.org\/{rel}","templated":true}]}}