{"id":303,"date":"2019-08-06T00:00:00","date_gmt":"2019-08-06T00:00:00","guid":{"rendered":"https:\/\/vfb1.de\/vfb\/2019\/08\/06\/vfb-stuttgart-und-sein-fantastisches-trikot\/"},"modified":"2019-08-06T00:00:00","modified_gmt":"2019-08-06T00:00:00","slug":"vfb-stuttgart-und-sein-fantastisches-trikot","status":"publish","type":"post","link":"https:\/\/vfb1.de\/vfb\/2019\/08\/06\/vfb-stuttgart-und-sein-fantastisches-trikot\/","title":{"rendered":"VfB Stuttgart und sein fantastisches Trikot"},"content":{"rendered":"<p>Das bew\u00e4hrte rot-wei\u00dfe Trikot mit dem Brustring wird wahrscheinlich nie aus den Kleiderschr\u00e4nken des VfB verschwinden. Gegen den FC Heidenheim trat der VfB in einem schwarz-mintgr\u00fcnfarbigen Trikot an, das f\u00fcr den Torwart bestimmt ist. Doch es gibt noch einen dritten Trikotentwurf, da der VfB wegen der ebenfalls wei\u00df-roten Farben der Heidenheimer nicht auf das Ausw\u00e4rtstrikot zur\u00fcckgreifen konnte.<br \/>\n<br \/>Laut Bericht einer Stuttgarter Tageszeitung versteckt sich dahinter ein wahrhaft fantastisches Exemplar, denn es soll von den Rappern der Stuttgarter Gruppe \u0084Die Fantastischen Vier\u0093 entworfen worden sein. Es soll im Rahmen einer Veranstaltung mit geladenen G\u00e4sten im Stadtpalais vorgestellt werden.<br \/>\n<br \/>Die \u0084Fanta 4\u0093 feiern in diesem Jahr ihr 30-j\u00e4hriges Bestehen und sind eng mit dem VfB verbunden. Das Quartett hat eine Loge bei den Heimspielen des Vereins und trat sowohl bei der Zweitliga-Meisterfeier 2017 als auch nach dem Gewinn der Deutschen Meisterschaft 2007 auf. Zudem komponierten sie mit \u0084Troy\u0093 eine Hymne f\u00fcr den VfB und dessen Anh\u00e4nger.<br \/>\n(rf)<\/p>\n","protected":false},"excerpt":{"rendered":"<p>Das bew\u00e4hrte rot-wei\u00dfe Trikot mit dem Brustring wird wahrscheinlich nie aus den Kleiderschr\u00e4nken des VfB verschwinden. Gegen den FC Heidenheim&hellip;<\/p>\n","protected":false},"author":2,"featured_media":0,"comment_status":"open","ping_status":"open","sticky":false,"template":"","format":"standard","meta":{"footnotes":""},"categories":[],"tags":[],"class_list":["post-303","post","type-post","status-publish","format-standard","hentry"],"_links":{"self":[{"href":"https:\/\/vfb1.de\/vfb\/wp-json\/wp\/v2\/posts\/303","targetHints":{"allow":["GET"]}}],"collection":[{"href":"https:\/\/vfb1.de\/vfb\/wp-json\/wp\/v2\/posts"}],"about":[{"href":"https:\/\/vfb1.de\/vfb\/wp-json\/wp\/v2\/types\/post"}],"author":[{"embeddable":true,"href":"https:\/\/vfb1.de\/vfb\/wp-json\/wp\/v2\/users\/2"}],"replies":[{"embeddable":true,"href":"https:\/\/vfb1.de\/vfb\/wp-json\/wp\/v2\/comments?post=303"}],"version-history":[{"count":0,"href":"https:\/\/vfb1.de\/vfb\/wp-json\/wp\/v2\/posts\/303\/revisions"}],"wp:attachment":[{"href":"https:\/\/vfb1.de\/vfb\/wp-json\/wp\/v2\/media?parent=303"}],"wp:term":[{"taxonomy":"category","embeddable":true,"href":"https:\/\/vfb1.de\/vfb\/wp-json\/wp\/v2\/categories?post=303"},{"taxonomy":"post_tag","embeddable":true,"href":"https:\/\/vfb1.de\/vfb\/wp-json\/wp\/v2\/tags?post=303"}],"curies":[{"name":"wp","href":"https:\/\/api.w.org\/{rel}","templated":true}]}}