{"id":300,"date":"2019-08-04T00:00:00","date_gmt":"2019-08-04T00:00:00","guid":{"rendered":"https:\/\/vfb1.de\/vfb\/2019\/08\/04\/vfb-stuttgart-kempf-denkt-nicht-an-wechsel\/"},"modified":"2019-08-04T00:00:00","modified_gmt":"2019-08-04T00:00:00","slug":"vfb-stuttgart-kempf-denkt-nicht-an-wechsel","status":"publish","type":"post","link":"https:\/\/vfb1.de\/vfb\/2019\/08\/04\/vfb-stuttgart-kempf-denkt-nicht-an-wechsel\/","title":{"rendered":"VfB Stuttgart: Kempf denkt nicht an Wechsel"},"content":{"rendered":"<p>Bleibt Marc Oliver Kempf beim VfB Stuttgart oder denkt er an einen Wechsel? So ganz ausschlie\u00dfen wollte er Letzteres nicht. Nachdem er aber von VfB-Trainer Tim Walter zum Kapit\u00e4n der Mannschaft gemacht wurde, stellt er sich der F\u00fchrungsverantwortung.<br \/>\n<br \/>\u0084Aktuell ist es so: Ich f\u00fchle mich unheimlich wohl, ich bin echt zufrieden, es macht riesig Spa\u00df, die Jungs sind alle top, das Trainerteam ist super. Aktuell sehe ich keinen gro\u00dfen Grund, einen Schritt weg zu machen. Aktuell gilt 100 Prozent VfB Stuttgart, das andere ist im Moment nicht in meinem Kopf drin\u0093, wird er von einer Stuttgarter Tageszeitung zitiert.<br \/>\n<br \/>Kempf sieht es als eine \u0084gro\u00dfe Ehre\u0093 an, die Kapit\u00e4nsbinde tragen zu d\u00fcrfen. An der Situation auf dem Feld w\u00fcrde sich dadurch aber f\u00fcr ihn nichts ver\u00e4ndern: \u0084Ich versuche weiter, meine Leistung zu bringen und vielleicht jetzt einfach die anderen noch ein St\u00fcck mehr mitzuziehen und noch mehr voranzugehen.\u0093 Gegen Heidenheim soll das so aussehen, dass er die Gegner laufen lassen will, den Ball halten und die Torchancen nutzen. Dann st\u00fcnde am Ende ein weiterer Sieg f\u00fcr den VfB zu Buche. Und das w\u00fcrde dem neuen Kapit\u00e4n des VfB sicherlich gefallen.<br \/>\n(cm)<\/p>\n","protected":false},"excerpt":{"rendered":"<p>Bleibt Marc Oliver Kempf beim VfB Stuttgart oder denkt er an einen Wechsel? So ganz ausschlie\u00dfen wollte er Letzteres nicht.&hellip;<\/p>\n","protected":false},"author":2,"featured_media":0,"comment_status":"open","ping_status":"open","sticky":false,"template":"","format":"standard","meta":{"footnotes":""},"categories":[],"tags":[],"class_list":["post-300","post","type-post","status-publish","format-standard","hentry"],"_links":{"self":[{"href":"https:\/\/vfb1.de\/vfb\/wp-json\/wp\/v2\/posts\/300","targetHints":{"allow":["GET"]}}],"collection":[{"href":"https:\/\/vfb1.de\/vfb\/wp-json\/wp\/v2\/posts"}],"about":[{"href":"https:\/\/vfb1.de\/vfb\/wp-json\/wp\/v2\/types\/post"}],"author":[{"embeddable":true,"href":"https:\/\/vfb1.de\/vfb\/wp-json\/wp\/v2\/users\/2"}],"replies":[{"embeddable":true,"href":"https:\/\/vfb1.de\/vfb\/wp-json\/wp\/v2\/comments?post=300"}],"version-history":[{"count":0,"href":"https:\/\/vfb1.de\/vfb\/wp-json\/wp\/v2\/posts\/300\/revisions"}],"wp:attachment":[{"href":"https:\/\/vfb1.de\/vfb\/wp-json\/wp\/v2\/media?parent=300"}],"wp:term":[{"taxonomy":"category","embeddable":true,"href":"https:\/\/vfb1.de\/vfb\/wp-json\/wp\/v2\/categories?post=300"},{"taxonomy":"post_tag","embeddable":true,"href":"https:\/\/vfb1.de\/vfb\/wp-json\/wp\/v2\/tags?post=300"}],"curies":[{"name":"wp","href":"https:\/\/api.w.org\/{rel}","templated":true}]}}